{"id":34714,"date":"2025-06-10T21:03:15","date_gmt":"2025-06-10T21:03:15","guid":{"rendered":"https:\/\/cnctulua.tv\/?p=34714"},"modified":"2025-06-10T21:03:15","modified_gmt":"2025-06-10T21:03:15","slug":"diez-empresas-de-tulua-participaran-en-la-macrorrueda-2025-en-cali-para-impulsar-exportaciones-e-inversiones","status":"publish","type":"post","link":"https:\/\/cnctulua.tv\/?p=34714","title":{"rendered":"Diez empresas de Tulu\u00e1 participar\u00e1n en la Macrorrueda 2025 en Cali para impulsar exportaciones e inversiones"},"content":{"rendered":"\n<p>La ciudad de Cali se prepara para ser el epicentro de la Macrorrueda 2025, un evento que reunir\u00e1 a compradores internacionales y empresarios colombianos los pr\u00f3ximos 9 y 10 de julio. Mar\u00eda Camila Bedoya, Auxiliar Administrativa de Desarrollo Empresarial de la C\u00e1mara de Comercio de Tulu\u00e1, explic\u00f3 en qu\u00e9 consiste esta importante plataforma comercial y c\u00f3mo beneficiar\u00e1 a las empresas de la regi\u00f3n.<\/p>\n\n\n\n<p>La Macrorrueda es un espacio dise\u00f1ado para facilitar citas de negocios entre exportadores nacionales y compradores internacionales, destacando la calidad y diversidad de los productos colombianos, con especial \u00e9nfasis en el Valle del Cauca. Esta versi\u00f3n, denominada \u00abEl pa\u00eds de la belleza\u00bb, tendr\u00e1 una duraci\u00f3n de dos d\u00edas y, adem\u00e1s de la tradicional rueda de negocios, incorporar\u00e1 componentes clave de turismo e inversi\u00f3n.<\/p>\n\n\n\n<figure class=\"wp-block-embed is-type-video is-provider-youtube wp-block-embed-youtube wp-embed-aspect-16-9 wp-has-aspect-ratio\"><div class=\"wp-block-embed__wrapper\">\n<iframe loading=\"lazy\" title=\"Macrorrueda 2025: Tulu\u00e1 presente en la gran cita de negocios en Cali\" width=\"640\" height=\"360\" src=\"https:\/\/www.youtube.com\/embed\/iXRl2EB_A3A?feature=oembed\" frameborder=\"0\" allow=\"accelerometer; autoplay; clipboard-write; encrypted-media; gyroscope; picture-in-picture; web-share\" referrerpolicy=\"strict-origin-when-cross-origin\" allowfullscreen><\/iframe>\n<\/div><\/figure>\n\n\n\n<p>Desde la C\u00e1mara de Comercio de Tulu\u00e1, 10 empresas han sido seleccionadas para participar tras un riguroso proceso de validaci\u00f3n con ProColombia. \u00abBrindamos apoyo personalizado para que las empresas puedan preparar su \u2018pitch\u2019 comercial y as\u00ed maximizar sus oportunidades de negocio durante la Macrorrueda\u00bb, afirm\u00f3 Bedoya. Este acompa\u00f1amiento se da en el marco del programa Exporta, desarrollado en alianza con la Gobernaci\u00f3n del Valle del Cauca, que busca fortalecer la capacidad exportadora de los empresarios locales.<\/p>\n\n\n\n<p>La Gobernaci\u00f3n del Valle tambi\u00e9n juega un papel estrat\u00e9gico en la organizaci\u00f3n del evento, apoyando a los empresarios vallecaucanos y potenciando la proyecci\u00f3n internacional del departamento. Tradicionalmente celebrada en ciudades principales como Bogot\u00e1 y Cartagena, la Macrorrueda de este a\u00f1o se realizar\u00e1 completamente en Cali, con un enfoque integrado en exportaciones, inversi\u00f3n y turismo.<\/p>\n\n\n\n<p>Para los empresarios de Tulu\u00e1, la expectativa es que esta Macrorrueda sirva para ampliar sus redes comerciales, posicionar sus productos en nuevos mercados y generar alianzas estrat\u00e9gicas que impulsen su crecimiento. En cuanto a los inversionistas extranjeros, Bedoya destac\u00f3 la diversidad de los compradores, que incluyen tanto actores internacionales como nacionales, interesados en explorar oportunidades en la regi\u00f3n. As\u00ed, la Macrorrueda 2025 se consolida como una plataforma clave para dinamizar la econom\u00eda del Valle del Cauca, fortalecer el sector exportador y atraer inversi\u00f3n que contribuya al desarrollo sostenible del departamento.<\/p>\n\n\n\n<figure class=\"wp-block-video\"><\/figure>\n","protected":false},"excerpt":{"rendered":"<p>La ciudad de Cali se prepara para ser el epicentro de la Macrorrueda 2025, un evento que reunir\u00e1 a compradores internacionales y empresarios colombianos los pr\u00f3ximos 9 y 10 de julio. Mar\u00eda Camila Bedoya, Auxiliar Administrativa de Desarrollo Empresarial de la C\u00e1mara de Comercio de Tulu\u00e1, explic\u00f3 en qu\u00e9 consiste esta importante plataforma comercial y [&hellip;]<\/p>\n","protected":false},"author":3,"featured_media":34715,"comment_status":"open","ping_status":"open","sticky":false,"template":"","format":"video","meta":{"footnotes":""},"categories":[10],"tags":[],"class_list":["post-34714","post","type-post","status-publish","format-video","has-post-thumbnail","hentry","category-cnc-noticias-tulua","post_format-post-format-video"],"_links":{"self":[{"href":"https:\/\/cnctulua.tv\/index.php?rest_route=\/wp\/v2\/posts\/34714","targetHints":{"allow":["GET"]}}],"collection":[{"href":"https:\/\/cnctulua.tv\/index.php?rest_route=\/wp\/v2\/posts"}],"about":[{"href":"https:\/\/cnctulua.tv\/index.php?rest_route=\/wp\/v2\/types\/post"}],"author":[{"embeddable":true,"href":"https:\/\/cnctulua.tv\/index.php?rest_route=\/wp\/v2\/users\/3"}],"replies":[{"embeddable":true,"href":"https:\/\/cnctulua.tv\/index.php?rest_route=%2Fwp%2Fv2%2Fcomments&post=34714"}],"version-history":[{"count":1,"href":"https:\/\/cnctulua.tv\/index.php?rest_route=\/wp\/v2\/posts\/34714\/revisions"}],"predecessor-version":[{"id":34716,"href":"https:\/\/cnctulua.tv\/index.php?rest_route=\/wp\/v2\/posts\/34714\/revisions\/34716"}],"wp:featuredmedia":[{"embeddable":true,"href":"https:\/\/cnctulua.tv\/index.php?rest_route=\/wp\/v2\/media\/34715"}],"wp:attachment":[{"href":"https:\/\/cnctulua.tv\/index.php?rest_route=%2Fwp%2Fv2%2Fmedia&parent=34714"}],"wp:term":[{"taxonomy":"category","embeddable":true,"href":"https:\/\/cnctulua.tv\/index.php?rest_route=%2Fwp%2Fv2%2Fcategories&post=34714"},{"taxonomy":"post_tag","embeddable":true,"href":"https:\/\/cnctulua.tv\/index.php?rest_route=%2Fwp%2Fv2%2Ftags&post=34714"}],"curies":[{"name":"wp","href":"https:\/\/api.w.org\/{rel}","templated":true}]}}