{"id":34717,"date":"2025-06-11T12:57:08","date_gmt":"2025-06-11T12:57:08","guid":{"rendered":"https:\/\/cnctulua.tv\/?p=34717"},"modified":"2025-06-11T12:57:08","modified_gmt":"2025-06-11T12:57:08","slug":"capturado-en-palmira-presunto-responsable-de-modificar-armas-usadas-en-delitos-violentos","status":"publish","type":"post","link":"https:\/\/cnctulua.tv\/?p=34717","title":{"rendered":"Capturado en Palmira presunto responsable de modificar armas usadas en delitos violentos"},"content":{"rendered":"\n<p>En una operaci\u00f3n articulada entre la Polic\u00eda Nacional y la Fiscal\u00eda General de la Naci\u00f3n, fue capturado en flagrancia un hombre se\u00f1alado de fabricar, modificar y custodiar armas de fuego ilegales al interior de una vivienda del barrio Juan Pablo II, en la comuna 1 del municipio de Palmira, Valle del Cauca.<\/p>\n\n\n\n<p>El procedimiento se llev\u00f3 a cabo mediante dos diligencias de allanamiento y registro que permitieron incautar dos rev\u00f3lveres calibre 32 mm, marca Smith &amp; Wesson \u2014uno de ca\u00f1\u00f3n largo y otro corto\u2014 as\u00ed como cinco cartuchos del mismo calibre. La operaci\u00f3n hace parte de una ofensiva contra el crimen organizado en zonas con alta incidencia delictiva.<\/p>\n\n\n\n<figure class=\"wp-block-embed is-type-video is-provider-youtube wp-block-embed-youtube wp-embed-aspect-16-9 wp-has-aspect-ratio\"><div class=\"wp-block-embed__wrapper\">\n<iframe loading=\"lazy\" title=\"\ud83d\udccd Palmira: Capturan a hombre con armas ilegales en la comuna 1\" width=\"640\" height=\"360\" src=\"https:\/\/www.youtube.com\/embed\/fAPqA0Va6TA?feature=oembed\" frameborder=\"0\" allow=\"accelerometer; autoplay; clipboard-write; encrypted-media; gyroscope; picture-in-picture; web-share\" referrerpolicy=\"strict-origin-when-cross-origin\" allowfullscreen><\/iframe>\n<\/div><\/figure>\n\n\n\n<p>De acuerdo con las investigaciones, el capturado estar\u00eda vinculado al mantenimiento y adecuaci\u00f3n de armas de fuego y armas traum\u00e1ticas, que luego eran suministradas a grupos delincuenciales para la comisi\u00f3n de delitos como homicidios, lesiones personales y amenazas, en medio de disputas territoriales por el control del microtr\u00e1fico.<\/p>\n\n\n\n<p>Las autoridades se\u00f1alaron que este hombre cumpl\u00eda un rol clave en la cadena criminal: acondicionaba armamento para su uso en acciones violentas, convirti\u00e9ndose en un facilitador t\u00e9cnico al servicio de estructuras armadas ilegales.<\/p>\n\n\n\n<p>Con esta captura, las autoridades aseguran haber desmantelado un punto de almacenamiento y manipulaci\u00f3n de armas en la comuna 1, debilitando la capacidad operativa de estas organizaciones criminales. El capturado fue dejado a disposici\u00f3n de la Fiscal\u00eda para su respectiva judicializaci\u00f3n, mientras contin\u00faan las investigaciones para identificar a otros integrantes de la red.<\/p>\n\n\n\n<figure class=\"wp-block-video\"><\/figure>\n","protected":false},"excerpt":{"rendered":"<p>En una operaci\u00f3n articulada entre la Polic\u00eda Nacional y la Fiscal\u00eda General de la Naci\u00f3n, fue capturado en flagrancia un hombre se\u00f1alado de fabricar, modificar y custodiar armas de fuego ilegales al interior de una vivienda del barrio Juan Pablo II, en la comuna 1 del municipio de Palmira, Valle del Cauca. El procedimiento se [&hellip;]<\/p>\n","protected":false},"author":3,"featured_media":33906,"comment_status":"open","ping_status":"open","sticky":false,"template":"","format":"video","meta":{"footnotes":""},"categories":[10],"tags":[],"class_list":["post-34717","post","type-post","status-publish","format-video","has-post-thumbnail","hentry","category-cnc-noticias-tulua","post_format-post-format-video"],"_links":{"self":[{"href":"https:\/\/cnctulua.tv\/index.php?rest_route=\/wp\/v2\/posts\/34717","targetHints":{"allow":["GET"]}}],"collection":[{"href":"https:\/\/cnctulua.tv\/index.php?rest_route=\/wp\/v2\/posts"}],"about":[{"href":"https:\/\/cnctulua.tv\/index.php?rest_route=\/wp\/v2\/types\/post"}],"author":[{"embeddable":true,"href":"https:\/\/cnctulua.tv\/index.php?rest_route=\/wp\/v2\/users\/3"}],"replies":[{"embeddable":true,"href":"https:\/\/cnctulua.tv\/index.php?rest_route=%2Fwp%2Fv2%2Fcomments&post=34717"}],"version-history":[{"count":1,"href":"https:\/\/cnctulua.tv\/index.php?rest_route=\/wp\/v2\/posts\/34717\/revisions"}],"predecessor-version":[{"id":34718,"href":"https:\/\/cnctulua.tv\/index.php?rest_route=\/wp\/v2\/posts\/34717\/revisions\/34718"}],"wp:featuredmedia":[{"embeddable":true,"href":"https:\/\/cnctulua.tv\/index.php?rest_route=\/wp\/v2\/media\/33906"}],"wp:attachment":[{"href":"https:\/\/cnctulua.tv\/index.php?rest_route=%2Fwp%2Fv2%2Fmedia&parent=34717"}],"wp:term":[{"taxonomy":"category","embeddable":true,"href":"https:\/\/cnctulua.tv\/index.php?rest_route=%2Fwp%2Fv2%2Fcategories&post=34717"},{"taxonomy":"post_tag","embeddable":true,"href":"https:\/\/cnctulua.tv\/index.php?rest_route=%2Fwp%2Fv2%2Ftags&post=34717"}],"curies":[{"name":"wp","href":"https:\/\/api.w.org\/{rel}","templated":true}]}}