{"id":34719,"date":"2025-06-11T13:00:42","date_gmt":"2025-06-11T13:00:42","guid":{"rendered":"https:\/\/cnctulua.tv\/?p=34719"},"modified":"2025-06-11T13:00:42","modified_gmt":"2025-06-11T13:00:42","slug":"tres-homicidios-sacuden-al-valle-del-cauca-en-hechos-aislados","status":"publish","type":"post","link":"https:\/\/cnctulua.tv\/?p=34719","title":{"rendered":"Tres homicidios sacuden al Valle del Cauca en hechos aislados"},"content":{"rendered":"\n<p>En el transcurso de las \u00faltimas horas, el Cuerpo T\u00e9cnico de Investigaci\u00f3n &#8211; CTI de la Fiscal\u00eda General de la Naci\u00f3n realiz\u00f3 tres inspecciones t\u00e9cnicas a cad\u00e1ver en diferentes municipios del Valle del Cauca, como parte de las labores judiciales adelantadas en el marco de la investigaci\u00f3n de homicidios que afectan la seguridad ciudadana en esta regi\u00f3n del pa\u00eds.<\/p>\n\n\n\n<p>El primer caso se registr\u00f3 en zona rural de la v\u00eda que comunica a Tulu\u00e1 con Andaluc\u00eda, donde fue hallado el cuerpo sin vida de Fernando Betancourt Mart\u00ednez, de 45 a\u00f1os de edad. El cad\u00e1ver presentaba m\u00faltiples heridas causadas con arma cortopunzante en distintas partes del cuerpo. El lugar fue acordonado por las autoridades y se dio inicio a la recolecci\u00f3n de elementos materiales probatorios. Las primeras hip\u00f3tesis indican que se tratar\u00eda de un crimen por esclarecer, por lo que la Fiscal\u00eda Seccional Tulu\u00e1 abri\u00f3 noticia criminal por el delito de homicidio y adelanta las correspondientes tareas de verificaci\u00f3n de entorno, an\u00e1lisis forense y entrevistas a posibles testigos.<\/p>\n\n\n\n<figure class=\"wp-block-embed is-type-video is-provider-youtube wp-block-embed-youtube wp-embed-aspect-16-9 wp-has-aspect-ratio\"><div class=\"wp-block-embed__wrapper\">\n<iframe loading=\"lazy\" title=\"Investigan tres homicidios en Valle del Cauca: operativos y avances\" width=\"640\" height=\"360\" src=\"https:\/\/www.youtube.com\/embed\/ifFwSHGfaS0?feature=oembed\" frameborder=\"0\" allow=\"accelerometer; autoplay; clipboard-write; encrypted-media; gyroscope; picture-in-picture; web-share\" referrerpolicy=\"strict-origin-when-cross-origin\" allowfullscreen><\/iframe>\n<\/div><\/figure>\n\n\n\n<p>Horas m\u00e1s tarde, en Palmira, exactamente en la Calle 58 con Carrera 42 del barrio Bicentenario, comuna 1, fue inspeccionado el cuerpo sin vida de Jonathan Andr\u00e9s Grueso Albornoz, de 28 a\u00f1os, quien presentaba impactos de arma de fuego en diversas zonas del cuerpo. La escena fue intervenida por personal del CTI, quienes activaron el protocolo de inspecci\u00f3n judicial, recolecci\u00f3n de casquillos y an\u00e1lisis de grabaciones de c\u00e1maras de seguridad del sector. Las autoridades manejan como principal l\u00ednea de investigaci\u00f3n un posible ajuste de cuentas por retaliaciones entre estructuras delictivas, aunque a\u00fan no se descartan otras hip\u00f3tesis.<\/p>\n\n\n\n<p>El tercer caso fue reportado en la v\u00eda que conduce del municipio de Alcal\u00e1 a Ulloa, espec\u00edficamente en la vereda Playas Verdes, donde fue hallado el cad\u00e1ver de Andr\u00e9s Felipe Valencia, de 23 a\u00f1os, conocido en la zona como \u00abTapicero\u00bb. La v\u00edctima presentaba varias heridas por arma de fuego. Investigadores judiciales realizaron la inspecci\u00f3n t\u00e9cnica al cuerpo y levantaron evidencias que ya son objeto de an\u00e1lisis por parte de un fiscal de la unidad de vida. Se adelantan labores de inteligencia para establecer los m\u00f3viles y dar con la individualizaci\u00f3n de posibles responsables.<\/p>\n\n\n\n<p>En los tres casos, los agresores a\u00fan no han sido identificados y los m\u00f3viles son materia de investigaci\u00f3n. La Fiscal\u00eda General de la Naci\u00f3n contin\u00faa con las diligencias judiciales respectivas y hace un llamado a la ciudadan\u00eda para que suministre informaci\u00f3n que permita avanzar en el esclarecimiento de estos homicidios que enlutan al departamento del Valle del Cauca.<\/p>\n\n\n\n<figure class=\"wp-block-video\"><\/figure>\n","protected":false},"excerpt":{"rendered":"<p>En el transcurso de las \u00faltimas horas, el Cuerpo T\u00e9cnico de Investigaci\u00f3n &#8211; CTI de la Fiscal\u00eda General de la Naci\u00f3n realiz\u00f3 tres inspecciones t\u00e9cnicas a cad\u00e1ver en diferentes municipios del Valle del Cauca, como parte de las labores judiciales adelantadas en el marco de la investigaci\u00f3n de homicidios que afectan la seguridad ciudadana en [&hellip;]<\/p>\n","protected":false},"author":3,"featured_media":34720,"comment_status":"open","ping_status":"open","sticky":false,"template":"","format":"video","meta":{"footnotes":""},"categories":[10],"tags":[],"class_list":["post-34719","post","type-post","status-publish","format-video","has-post-thumbnail","hentry","category-cnc-noticias-tulua","post_format-post-format-video"],"_links":{"self":[{"href":"https:\/\/cnctulua.tv\/index.php?rest_route=\/wp\/v2\/posts\/34719","targetHints":{"allow":["GET"]}}],"collection":[{"href":"https:\/\/cnctulua.tv\/index.php?rest_route=\/wp\/v2\/posts"}],"about":[{"href":"https:\/\/cnctulua.tv\/index.php?rest_route=\/wp\/v2\/types\/post"}],"author":[{"embeddable":true,"href":"https:\/\/cnctulua.tv\/index.php?rest_route=\/wp\/v2\/users\/3"}],"replies":[{"embeddable":true,"href":"https:\/\/cnctulua.tv\/index.php?rest_route=%2Fwp%2Fv2%2Fcomments&post=34719"}],"version-history":[{"count":1,"href":"https:\/\/cnctulua.tv\/index.php?rest_route=\/wp\/v2\/posts\/34719\/revisions"}],"predecessor-version":[{"id":34721,"href":"https:\/\/cnctulua.tv\/index.php?rest_route=\/wp\/v2\/posts\/34719\/revisions\/34721"}],"wp:featuredmedia":[{"embeddable":true,"href":"https:\/\/cnctulua.tv\/index.php?rest_route=\/wp\/v2\/media\/34720"}],"wp:attachment":[{"href":"https:\/\/cnctulua.tv\/index.php?rest_route=%2Fwp%2Fv2%2Fmedia&parent=34719"}],"wp:term":[{"taxonomy":"category","embeddable":true,"href":"https:\/\/cnctulua.tv\/index.php?rest_route=%2Fwp%2Fv2%2Fcategories&post=34719"},{"taxonomy":"post_tag","embeddable":true,"href":"https:\/\/cnctulua.tv\/index.php?rest_route=%2Fwp%2Fv2%2Ftags&post=34719"}],"curies":[{"name":"wp","href":"https:\/\/api.w.org\/{rel}","templated":true}]}}