{"id":34728,"date":"2025-06-11T13:07:29","date_gmt":"2025-06-11T13:07:29","guid":{"rendered":"https:\/\/cnctulua.tv\/?p=34728"},"modified":"2025-06-11T13:07:29","modified_gmt":"2025-06-11T13:07:29","slug":"67-feria-de-tulua-presenta-un-innovador-formato-con-tarima-360-y-programacion-musical-diversa","status":"publish","type":"post","link":"https:\/\/cnctulua.tv\/?p=34728","title":{"rendered":"67 Feria de Tulu\u00e1 presenta un innovador formato con tarima 360 y programaci\u00f3n musical diversa"},"content":{"rendered":"\n<p>La Sexag\u00e9sima S\u00e9ptima Feria de Tulu\u00e1 llega este a\u00f1o con una propuesta innovadora que promete transformar la experiencia de los asistentes. Seg\u00fan Germ\u00e1n Marulanda, presidente de la feria, se implementar\u00e1 un formato tipo caseta que contar\u00e1 con una tarima 360, ofreciendo una puesta en escena llena de luces, color y tecnolog\u00eda, para brindar un espect\u00e1culo \u00fanico y envolvente.<\/p>\n\n\n\n<p>Marulanda destac\u00f3 que, aunque este evento tendr\u00e1 caracter\u00edsticas distintas a los conciertos tradicionales realizados en el Coliseo de Ferias, mantendr\u00e1 la esencia festiva y cultural que caracteriza a la feria. \u201cLa tarima circular permitir\u00e1 que el p\u00fablico disfrute del espect\u00e1culo desde todos los \u00e1ngulos, creando una experiencia m\u00e1s din\u00e1mica e inmersiva\u201d, se\u00f1al\u00f3.<\/p>\n\n\n\n<figure class=\"wp-block-embed is-type-video is-provider-youtube wp-block-embed-youtube wp-embed-aspect-16-9 wp-has-aspect-ratio\"><div class=\"wp-block-embed__wrapper\">\n<iframe loading=\"lazy\" title=\"FERIA DE TULU\u00c1 2025: INNOVACI\u00d3N EN ESCENA CON TARIMA 360 \ud83d\udd25\" width=\"640\" height=\"360\" src=\"https:\/\/www.youtube.com\/embed\/Ld1C70fnsQ8?feature=oembed\" frameborder=\"0\" allow=\"accelerometer; autoplay; clipboard-write; encrypted-media; gyroscope; picture-in-picture; web-share\" referrerpolicy=\"strict-origin-when-cross-origin\" allowfullscreen><\/iframe>\n<\/div><\/figure>\n\n\n\n<p>El espacio ha sido concesionado a empresarios locales que se encargar\u00e1n de la log\u00edstica y la oferta art\u00edstica, generando una nueva din\u00e1mica en la feria. El ingreso a esta zona tendr\u00e1 un costo independiente, con entradas VIP, palcos y generales, cada una con precios diferenciados para ajustarse a las distintas preferencias y presupuestos del p\u00fablico.<\/p>\n\n\n\n<p>Para acceder, los asistentes deber\u00e1n ingresar primero al Coliseo de Ferias y luego dirigirse a la zona de espect\u00e1culos, donde estar\u00e1 la entrada espec\u00edfica al nuevo espacio de conciertos.<\/p>\n\n\n\n<p>En cuanto a la programaci\u00f3n, se ofrecer\u00e1 una variada selecci\u00f3n musical que incluye g\u00e9neros como m\u00fasica urbana, salsa, vallenato y m\u00fasica popular, garantizando entretenimiento para todos los gustos durante los d\u00edas de feria.<\/p>\n\n\n\n<p>Con esta propuesta, la Sexag\u00e9sima S\u00e9ptima Feria de Tulu\u00e1 reafirma su compromiso con la innovaci\u00f3n y la calidad en sus eventos, consolid\u00e1ndose como una celebraci\u00f3n que fusiona tradici\u00f3n y modernidad para deleitar a visitantes y habitantes de la regi\u00f3n.<\/p>\n\n\n\n<figure class=\"wp-block-video\"><\/figure>\n","protected":false},"excerpt":{"rendered":"<p>La Sexag\u00e9sima S\u00e9ptima Feria de Tulu\u00e1 llega este a\u00f1o con una propuesta innovadora que promete transformar la experiencia de los asistentes. Seg\u00fan Germ\u00e1n Marulanda, presidente de la feria, se implementar\u00e1 un formato tipo caseta que contar\u00e1 con una tarima 360, ofreciendo una puesta en escena llena de luces, color y tecnolog\u00eda, para brindar un espect\u00e1culo [&hellip;]<\/p>\n","protected":false},"author":3,"featured_media":34651,"comment_status":"open","ping_status":"open","sticky":false,"template":"","format":"video","meta":{"footnotes":""},"categories":[10],"tags":[],"class_list":["post-34728","post","type-post","status-publish","format-video","has-post-thumbnail","hentry","category-cnc-noticias-tulua","post_format-post-format-video"],"_links":{"self":[{"href":"https:\/\/cnctulua.tv\/index.php?rest_route=\/wp\/v2\/posts\/34728","targetHints":{"allow":["GET"]}}],"collection":[{"href":"https:\/\/cnctulua.tv\/index.php?rest_route=\/wp\/v2\/posts"}],"about":[{"href":"https:\/\/cnctulua.tv\/index.php?rest_route=\/wp\/v2\/types\/post"}],"author":[{"embeddable":true,"href":"https:\/\/cnctulua.tv\/index.php?rest_route=\/wp\/v2\/users\/3"}],"replies":[{"embeddable":true,"href":"https:\/\/cnctulua.tv\/index.php?rest_route=%2Fwp%2Fv2%2Fcomments&post=34728"}],"version-history":[{"count":1,"href":"https:\/\/cnctulua.tv\/index.php?rest_route=\/wp\/v2\/posts\/34728\/revisions"}],"predecessor-version":[{"id":34729,"href":"https:\/\/cnctulua.tv\/index.php?rest_route=\/wp\/v2\/posts\/34728\/revisions\/34729"}],"wp:featuredmedia":[{"embeddable":true,"href":"https:\/\/cnctulua.tv\/index.php?rest_route=\/wp\/v2\/media\/34651"}],"wp:attachment":[{"href":"https:\/\/cnctulua.tv\/index.php?rest_route=%2Fwp%2Fv2%2Fmedia&parent=34728"}],"wp:term":[{"taxonomy":"category","embeddable":true,"href":"https:\/\/cnctulua.tv\/index.php?rest_route=%2Fwp%2Fv2%2Fcategories&post=34728"},{"taxonomy":"post_tag","embeddable":true,"href":"https:\/\/cnctulua.tv\/index.php?rest_route=%2Fwp%2Fv2%2Ftags&post=34728"}],"curies":[{"name":"wp","href":"https:\/\/api.w.org\/{rel}","templated":true}]}}