{"id":34730,"date":"2025-06-11T13:09:00","date_gmt":"2025-06-11T13:09:00","guid":{"rendered":"https:\/\/cnctulua.tv\/?p=34730"},"modified":"2025-06-11T13:09:00","modified_gmt":"2025-06-11T13:09:00","slug":"delirio-sera-el-show-estelar-del-pueblito-tulueno-en-la-sexagesima-septima-feria-de-tulua","status":"publish","type":"post","link":"https:\/\/cnctulua.tv\/?p=34730","title":{"rendered":"Delirio ser\u00e1 el show estelar del Pueblito Tulue\u00f1o en la Sexag\u00e9sima S\u00e9ptima Feria de Tulu\u00e1"},"content":{"rendered":"\n<p>La Feria de Tulu\u00e1 ya calienta motores y este a\u00f1o promete una programaci\u00f3n variada y atractiva en el tradicional Pueblito Tulue\u00f1o. Germ\u00e1n Marulanda, presidente de la feria, confirm\u00f3 la presencia del reconocido grupo Delirio como el plato fuerte del evento.<\/p>\n\n\n\n<p>Seg\u00fan Marulanda, la agenda iniciar\u00e1 el viernes con una noche dedicada al rock, mientras que el s\u00e1bado estar\u00e1 marcado por ritmos salseros y tropicales, destacando el esperado show de Delirio, que se ha convertido en el espect\u00e1culo estelar de la feria. \u201cHemos trabajado arduamente para traer a Delirio en el marco de la feria, es un gran logro para Tulu\u00e1\u201d, se\u00f1al\u00f3 el dirigente.<\/p>\n\n\n\n<figure class=\"wp-block-embed is-type-video is-provider-youtube wp-block-embed-youtube wp-embed-aspect-16-9 wp-has-aspect-ratio\"><div class=\"wp-block-embed__wrapper\">\n<iframe loading=\"lazy\" title=\"Feria de Tulu\u00e1 2025: Concierto gratuito de Delirio y m\u00e1s shows en Pueblito Tulue\u00f1o \ud83c\udfb5\" width=\"640\" height=\"360\" src=\"https:\/\/www.youtube.com\/embed\/Efk65yLWrWg?feature=oembed\" frameborder=\"0\" allow=\"accelerometer; autoplay; clipboard-write; encrypted-media; gyroscope; picture-in-picture; web-share\" referrerpolicy=\"strict-origin-when-cross-origin\" allowfullscreen><\/iframe>\n<\/div><\/figure>\n\n\n\n<p>El domingo y lunes continuar\u00e1n las presentaciones con artistas locales y agrupaciones de m\u00fasica tropical, entre ellos El Cuarteto Imperial, Los Betas y Fernando Gonz\u00e1lez Sierra Maestra.<\/p>\n\n\n\n<p>Sobre la entrada para el show de Delirio, Marulanda aclar\u00f3 que, aunque existe la opci\u00f3n de comprar boletos para palcos y zonas m\u00e1s c\u00f3modas, el p\u00fablico en general podr\u00e1 disfrutar del concierto de forma gratuita. \u201cQuien quiera estar m\u00e1s c\u00f3modo y sentado puede adquirir la entrada, pero tambi\u00e9n quien prefiera podr\u00e1 asistir sin costo alguno al espect\u00e1culo\u201d, explic\u00f3.<\/p>\n\n\n\n<p>Esta modalidad busca garantizar que el mayor n\u00famero de asistentes pueda vivir la experiencia del Pueblito Tulue\u00f1o y disfrutar del talento nacional sin barreras econ\u00f3micas.<\/p>\n\n\n\n<p>La Feria de Tulu\u00e1 se perfila nuevamente como una de las citas culturales y musicales m\u00e1s importantes del Valle del Cauca, con una oferta diversa que combina tradici\u00f3n y modernidad para todos los gustos.<\/p>\n\n\n\n<figure class=\"wp-block-video\"><\/figure>\n","protected":false},"excerpt":{"rendered":"<p>La Feria de Tulu\u00e1 ya calienta motores y este a\u00f1o promete una programaci\u00f3n variada y atractiva en el tradicional Pueblito Tulue\u00f1o. Germ\u00e1n Marulanda, presidente de la feria, confirm\u00f3 la presencia del reconocido grupo Delirio como el plato fuerte del evento. Seg\u00fan Marulanda, la agenda iniciar\u00e1 el viernes con una noche dedicada al rock, mientras que [&hellip;]<\/p>\n","protected":false},"author":3,"featured_media":34731,"comment_status":"open","ping_status":"open","sticky":false,"template":"","format":"video","meta":{"footnotes":""},"categories":[10],"tags":[],"class_list":["post-34730","post","type-post","status-publish","format-video","has-post-thumbnail","hentry","category-cnc-noticias-tulua","post_format-post-format-video"],"_links":{"self":[{"href":"https:\/\/cnctulua.tv\/index.php?rest_route=\/wp\/v2\/posts\/34730","targetHints":{"allow":["GET"]}}],"collection":[{"href":"https:\/\/cnctulua.tv\/index.php?rest_route=\/wp\/v2\/posts"}],"about":[{"href":"https:\/\/cnctulua.tv\/index.php?rest_route=\/wp\/v2\/types\/post"}],"author":[{"embeddable":true,"href":"https:\/\/cnctulua.tv\/index.php?rest_route=\/wp\/v2\/users\/3"}],"replies":[{"embeddable":true,"href":"https:\/\/cnctulua.tv\/index.php?rest_route=%2Fwp%2Fv2%2Fcomments&post=34730"}],"version-history":[{"count":1,"href":"https:\/\/cnctulua.tv\/index.php?rest_route=\/wp\/v2\/posts\/34730\/revisions"}],"predecessor-version":[{"id":34732,"href":"https:\/\/cnctulua.tv\/index.php?rest_route=\/wp\/v2\/posts\/34730\/revisions\/34732"}],"wp:featuredmedia":[{"embeddable":true,"href":"https:\/\/cnctulua.tv\/index.php?rest_route=\/wp\/v2\/media\/34731"}],"wp:attachment":[{"href":"https:\/\/cnctulua.tv\/index.php?rest_route=%2Fwp%2Fv2%2Fmedia&parent=34730"}],"wp:term":[{"taxonomy":"category","embeddable":true,"href":"https:\/\/cnctulua.tv\/index.php?rest_route=%2Fwp%2Fv2%2Fcategories&post=34730"},{"taxonomy":"post_tag","embeddable":true,"href":"https:\/\/cnctulua.tv\/index.php?rest_route=%2Fwp%2Fv2%2Ftags&post=34730"}],"curies":[{"name":"wp","href":"https:\/\/api.w.org\/{rel}","templated":true}]}}