{"id":34740,"date":"2025-06-11T13:12:33","date_gmt":"2025-06-11T13:12:33","guid":{"rendered":"https:\/\/cnctulua.tv\/?p=34740"},"modified":"2025-06-11T13:12:33","modified_gmt":"2025-06-11T13:12:33","slug":"red-hospitalaria-del-valle-del-cauca-declara-alerta-naranja-ante-escalada-de-violencia-en-cali","status":"publish","type":"post","link":"https:\/\/cnctulua.tv\/?p=34740","title":{"rendered":"Red Hospitalaria del Valle del Cauca declara alerta naranja ante escalada de violencia en Cali"},"content":{"rendered":"\n<p>La Red Hospitalaria del Valle del Cauca se encuentra en alerta naranja debido al incremento de hechos violentos registrados recientemente en Cali, el Valle del Cauca y el Cauca. Esta medida busca garantizar la capacidad de atenci\u00f3n m\u00e9dica frente a la creciente demanda generada por las personas afectadas durante los disturbios.<\/p>\n\n\n\n<p>Mar\u00eda Cristina Lesmes, secretaria de Salud del Valle, explic\u00f3 que tanto los hospitales p\u00fablicos como privados est\u00e1n preparados para atender la emergencia, activando protocolos que permiten responder con rapidez y eficiencia. \u201cLos hospitales est\u00e1n listos para atender acciones que esper\u00e1bamos no sucedieran y que deseamos que cesen. La alerta naranja se mantiene indefinida mientras persista la situaci\u00f3n\u201d, indic\u00f3.<\/p>\n\n\n\n<figure class=\"wp-block-embed is-type-video is-provider-youtube wp-block-embed-youtube wp-embed-aspect-16-9 wp-has-aspect-ratio\"><div class=\"wp-block-embed__wrapper\">\n<iframe loading=\"lazy\" title=\"Hospitales en alerta naranja en Valle del Cauca por violencia en Cali | Estado de emergencia\" width=\"640\" height=\"360\" src=\"https:\/\/www.youtube.com\/embed\/fg_OcLC4Qfg?feature=oembed\" frameborder=\"0\" allow=\"accelerometer; autoplay; clipboard-write; encrypted-media; gyroscope; picture-in-picture; web-share\" referrerpolicy=\"strict-origin-when-cross-origin\" allowfullscreen><\/iframe>\n<\/div><\/figure>\n\n\n\n<p>Entre los casos atendidos destaca el del Hospital Mario Correa Rengifo, donde una menor de cinco a\u00f1os y un adulto mayor resultaron lesionados por la detonaci\u00f3n de artefactos explosivos en el sector de Mel\u00e9ndez, en Cali. Seg\u00fan el gerente del centro asistencial, Juan Carlos Corrales, la ni\u00f1a presentaba lesiones en ambos miembros superiores, heridas abdominales y faciales, por lo que fue estabilizada y remitida a la Fundaci\u00f3n Valle del Lili para un manejo interdisciplinario.<\/p>\n\n\n\n<p>En cuanto a la persona mayor, de aproximadamente 70 a\u00f1os, se confirm\u00f3 que sufri\u00f3 heridas abdominales por esquirlas y se encuentra en quir\u00f3fano bajo evaluaci\u00f3n quir\u00fargica.<\/p>\n\n\n\n<p>Las autoridades de salud insisten en la importancia de mantener la calma y evitar acciones que puedan poner en riesgo la integridad de la poblaci\u00f3n. La alerta naranja permanecer\u00e1 vigente hasta que las condiciones permitan garantizar la normalidad en la atenci\u00f3n hospitalaria.<\/p>\n\n\n\n<figure class=\"wp-block-video\"><\/figure>\n","protected":false},"excerpt":{"rendered":"<p>La Red Hospitalaria del Valle del Cauca se encuentra en alerta naranja debido al incremento de hechos violentos registrados recientemente en Cali, el Valle del Cauca y el Cauca. Esta medida busca garantizar la capacidad de atenci\u00f3n m\u00e9dica frente a la creciente demanda generada por las personas afectadas durante los disturbios. Mar\u00eda Cristina Lesmes, secretaria [&hellip;]<\/p>\n","protected":false},"author":3,"featured_media":34741,"comment_status":"open","ping_status":"open","sticky":false,"template":"","format":"video","meta":{"footnotes":""},"categories":[10],"tags":[],"class_list":["post-34740","post","type-post","status-publish","format-video","has-post-thumbnail","hentry","category-cnc-noticias-tulua","post_format-post-format-video"],"_links":{"self":[{"href":"https:\/\/cnctulua.tv\/index.php?rest_route=\/wp\/v2\/posts\/34740","targetHints":{"allow":["GET"]}}],"collection":[{"href":"https:\/\/cnctulua.tv\/index.php?rest_route=\/wp\/v2\/posts"}],"about":[{"href":"https:\/\/cnctulua.tv\/index.php?rest_route=\/wp\/v2\/types\/post"}],"author":[{"embeddable":true,"href":"https:\/\/cnctulua.tv\/index.php?rest_route=\/wp\/v2\/users\/3"}],"replies":[{"embeddable":true,"href":"https:\/\/cnctulua.tv\/index.php?rest_route=%2Fwp%2Fv2%2Fcomments&post=34740"}],"version-history":[{"count":1,"href":"https:\/\/cnctulua.tv\/index.php?rest_route=\/wp\/v2\/posts\/34740\/revisions"}],"predecessor-version":[{"id":34742,"href":"https:\/\/cnctulua.tv\/index.php?rest_route=\/wp\/v2\/posts\/34740\/revisions\/34742"}],"wp:featuredmedia":[{"embeddable":true,"href":"https:\/\/cnctulua.tv\/index.php?rest_route=\/wp\/v2\/media\/34741"}],"wp:attachment":[{"href":"https:\/\/cnctulua.tv\/index.php?rest_route=%2Fwp%2Fv2%2Fmedia&parent=34740"}],"wp:term":[{"taxonomy":"category","embeddable":true,"href":"https:\/\/cnctulua.tv\/index.php?rest_route=%2Fwp%2Fv2%2Fcategories&post=34740"},{"taxonomy":"post_tag","embeddable":true,"href":"https:\/\/cnctulua.tv\/index.php?rest_route=%2Fwp%2Fv2%2Ftags&post=34740"}],"curies":[{"name":"wp","href":"https:\/\/api.w.org\/{rel}","templated":true}]}}