{"id":34746,"date":"2025-06-11T19:14:12","date_gmt":"2025-06-11T19:14:12","guid":{"rendered":"https:\/\/cnctulua.tv\/?p=34746"},"modified":"2025-06-11T19:14:12","modified_gmt":"2025-06-11T19:14:12","slug":"gobierno-del-valle-y-autoridades-locales-articulan-medidas-urgentes-ante-ola-de-violencia-en-la-region","status":"publish","type":"post","link":"https:\/\/cnctulua.tv\/?p=34746","title":{"rendered":"Gobierno del Valle y autoridades locales articulan medidas urgentes ante ola de violencia en la regi\u00f3n"},"content":{"rendered":"\n<p>Tras la escalada violenta que ha afectado a Cali, Jamund\u00ed y municipios vecinos, el Gobierno del Valle del Cauca, en coordinaci\u00f3n con las alcald\u00edas de Cali y Jamund\u00ed, y con el respaldo de los organismos de seguridad y la Fuerza P\u00fablica, defini\u00f3 una serie de acciones urgentes para contener la situaci\u00f3n y garantizar la vida de los ciudadanos.<\/p>\n\n\n\n<p>Las decisiones fueron adoptadas durante un Consejo Extraordinario de Seguridad convocado por la gobernadora Dilian Francisca Toro, en el que se evaluaron los hechos recientes de violencia y se trazaron medidas estrat\u00e9gicas de respuesta inmediata.<\/p>\n\n\n\n<figure class=\"wp-block-embed is-type-video is-provider-youtube wp-block-embed-youtube wp-embed-aspect-16-9 wp-has-aspect-ratio\"><div class=\"wp-block-embed__wrapper\">\n<iframe loading=\"lazy\" title=\"\ud83d\udd0d Cali y Jamund\u00ed bajo presi\u00f3n: \u00bfresponder\u00e1n las medidas de seguridad? \ud83d\uded1\" width=\"640\" height=\"360\" src=\"https:\/\/www.youtube.com\/embed\/v51G50G9LoA?feature=oembed\" frameborder=\"0\" allow=\"accelerometer; autoplay; clipboard-write; encrypted-media; gyroscope; picture-in-picture; web-share\" referrerpolicy=\"strict-origin-when-cross-origin\" allowfullscreen><\/iframe>\n<\/div><\/figure>\n\n\n\n<p>\u201cQueremos dar nuestras m\u00e1s sinceras condolencias a las familias de las personas que murieron, y nuestra solidaridad con los afectados. Tambi\u00e9n repudiamos a estos terroristas que nos est\u00e1n arrebatando la tranquilidad en Cali y en todo el departamento del Valle del Cauca\u201d, expres\u00f3 la mandataria departamental, con un mensaje enf\u00e1tico de rechazo frente a los hechos registrados.<\/p>\n\n\n\n<p>Durante el encuentro, la gobernadora anunci\u00f3 que, tras mantener comunicaci\u00f3n con el Ministro de Defensa, se adelantar\u00e1 este mi\u00e9rcoles 11 de junio un nuevo Consejo de Seguridad, en el que se espera la presencia del presidente Gustavo Petro. \u201cNecesitamos que escuche directamente a las autoridades locales y se una a este esfuerzo urgente por contener la violencia con acciones concretas\u201d, puntualiz\u00f3 Toro.<\/p>\n\n\n\n<p>Entre las medidas adoptadas, se encuentra la implementaci\u00f3n de corredores seguros en puntos estrat\u00e9gicos, tanto dentro como en las afueras de Cali. Estos trayectos incluir\u00e1n rutas hacia el aeropuerto Alfonso Bonilla Arag\u00f3n, el sector de Ca\u00f1asgordas y el municipio de Jamund\u00ed, con el objetivo de proteger la movilidad de la poblaci\u00f3n y prevenir nuevos hechos violentos.<\/p>\n\n\n\n<p>Asimismo, se reiter\u00f3 la necesidad de reforzar la presencia de la Fuerza P\u00fablica de manera permanente y sostenida, especialmente en zonas cr\u00edticas como Su\u00e1rez (Cauca), La Liberia (Jamund\u00ed) y \u00e1reas rurales de Cali, donde operan estructuras armadas ilegales como la disidencia \u2018Jaime Mart\u00ednez\u2019.<\/p>\n\n\n\n<p>\u201cSon estas estructuras las que nos est\u00e1n haciendo da\u00f1o, tanto en Jamund\u00ed como en Cali. Por eso, insistimos en la importancia de contar con un pie de fuerza estable que afecte de manera directa su accionar criminal\u201d, se\u00f1alaron las autoridades de seguridad presentes en el consejo. El Gobierno del Valle reafirm\u00f3 su compromiso con la vida, la seguridad y la tranquilidad de los vallecaucanos, y llam\u00f3 a todos los niveles del Estado a actuar de manera articulada frente a una situaci\u00f3n que exige respuestas inmediatas, firmes y coordinadas.<\/p>\n\n\n\n<figure class=\"wp-block-video\"><\/figure>\n","protected":false},"excerpt":{"rendered":"<p>Tras la escalada violenta que ha afectado a Cali, Jamund\u00ed y municipios vecinos, el Gobierno del Valle del Cauca, en coordinaci\u00f3n con las alcald\u00edas de Cali y Jamund\u00ed, y con el respaldo de los organismos de seguridad y la Fuerza P\u00fablica, defini\u00f3 una serie de acciones urgentes para contener la situaci\u00f3n y garantizar la vida [&hellip;]<\/p>\n","protected":false},"author":3,"featured_media":34747,"comment_status":"open","ping_status":"open","sticky":false,"template":"","format":"video","meta":{"footnotes":""},"categories":[10],"tags":[],"class_list":["post-34746","post","type-post","status-publish","format-video","has-post-thumbnail","hentry","category-cnc-noticias-tulua","post_format-post-format-video"],"_links":{"self":[{"href":"https:\/\/cnctulua.tv\/index.php?rest_route=\/wp\/v2\/posts\/34746","targetHints":{"allow":["GET"]}}],"collection":[{"href":"https:\/\/cnctulua.tv\/index.php?rest_route=\/wp\/v2\/posts"}],"about":[{"href":"https:\/\/cnctulua.tv\/index.php?rest_route=\/wp\/v2\/types\/post"}],"author":[{"embeddable":true,"href":"https:\/\/cnctulua.tv\/index.php?rest_route=\/wp\/v2\/users\/3"}],"replies":[{"embeddable":true,"href":"https:\/\/cnctulua.tv\/index.php?rest_route=%2Fwp%2Fv2%2Fcomments&post=34746"}],"version-history":[{"count":1,"href":"https:\/\/cnctulua.tv\/index.php?rest_route=\/wp\/v2\/posts\/34746\/revisions"}],"predecessor-version":[{"id":34748,"href":"https:\/\/cnctulua.tv\/index.php?rest_route=\/wp\/v2\/posts\/34746\/revisions\/34748"}],"wp:featuredmedia":[{"embeddable":true,"href":"https:\/\/cnctulua.tv\/index.php?rest_route=\/wp\/v2\/media\/34747"}],"wp:attachment":[{"href":"https:\/\/cnctulua.tv\/index.php?rest_route=%2Fwp%2Fv2%2Fmedia&parent=34746"}],"wp:term":[{"taxonomy":"category","embeddable":true,"href":"https:\/\/cnctulua.tv\/index.php?rest_route=%2Fwp%2Fv2%2Fcategories&post=34746"},{"taxonomy":"post_tag","embeddable":true,"href":"https:\/\/cnctulua.tv\/index.php?rest_route=%2Fwp%2Fv2%2Ftags&post=34746"}],"curies":[{"name":"wp","href":"https:\/\/api.w.org\/{rel}","templated":true}]}}