{"id":34769,"date":"2025-06-11T19:39:37","date_gmt":"2025-06-11T19:39:37","guid":{"rendered":"https:\/\/cnctulua.tv\/?p=34769"},"modified":"2025-06-11T19:39:37","modified_gmt":"2025-06-11T19:39:37","slug":"deportivo-cali-cayo-0-2-ante-quindio-y-se-despide-de-la-copa-colombia","status":"publish","type":"post","link":"https:\/\/cnctulua.tv\/?p=34769","title":{"rendered":"Deportivo Cali cay\u00f3 0-2 ante Quind\u00edo y se despide de la Copa Colombia"},"content":{"rendered":"\n<p>En un partido complicado y con un equipo en proceso de reconstrucci\u00f3n, Deportivo Cali no pudo ante un Quind\u00edo efectivo y termin\u00f3 cayendo 0-2 en la Copa Colombia. El t\u00e9cnico Sergio Herrera y el joven debutante Santiago Colonia dieron sus impresiones tras el encuentro en rueda de prensa, dejando claro el momento dif\u00edcil que vive el equipo azucarero.<\/p>\n\n\n\n<p>Herrera, consciente de las limitaciones de su plantilla, explic\u00f3 el planteamiento t\u00e1ctico con el que saltaron al campo: \u201cSalieron muchos jugadores sub-20 en el banco, no quer\u00edamos exponerlos de inicio. Santiago entr\u00f3 para dar frescura, pero confiamos en los m\u00e1s experimentados para asumir la responsabilidad. Venecia fue el tercer central para reforzar la defensa, mientras que G\u00f3mez y Fabi\u00e1n aportaron en ataque por las bandas\u201d.<\/p>\n\n\n\n<figure class=\"wp-block-embed is-type-video is-provider-youtube wp-block-embed-youtube wp-embed-aspect-16-9 wp-has-aspect-ratio\"><div class=\"wp-block-embed__wrapper\">\n<iframe loading=\"lazy\" title=\"Deportivo Cali pierde ante Quind\u00edo: an\u00e1lisis y declaraciones tras el partido | Copa Colombia 2025\" width=\"640\" height=\"360\" src=\"https:\/\/www.youtube.com\/embed\/nZAtkcCVjIo?feature=oembed\" frameborder=\"0\" allow=\"accelerometer; autoplay; clipboard-write; encrypted-media; gyroscope; picture-in-picture; web-share\" referrerpolicy=\"strict-origin-when-cross-origin\" allowfullscreen><\/iframe>\n<\/div><\/figure>\n\n\n\n<p>Sin embargo, el equipo no logr\u00f3 la din\u00e1mica necesaria en el mediocampo durante el primer tiempo, lo que facilit\u00f3 que Quind\u00edo abriera el marcador tras una distracci\u00f3n. Herrera lament\u00f3 el contexto complicado en el que est\u00e1 el club: \u201cEl hincha tiene todo el derecho de expresar su opini\u00f3n, pero algunos jugadores reciben insultos que afectan su rendimiento. No eximo a los jugadores de responsabilidad, pero esta situaci\u00f3n pesa mucho\u201d.<\/p>\n\n\n\n<p>Por su parte, Santiago Colonia se mostr\u00f3 agradecido y esperanzado tras su debut: \u201cFue una sensaci\u00f3n buena, trat\u00e9 de ayudar al equipo, pedir la pelota y jugar. Gracias al profe y al grupo por la confianza. Ahora a seguir trabajando para lo que viene\u201d.<\/p>\n\n\n\n<p>Sobre los cambios t\u00e1cticos realizados durante el partido, el estratega detall\u00f3: \u201cEl cambio al 3-5-2 fue para darle m\u00e1s solidez defensiva. Venecia estaba amonestado y debimos hacer ajustes. Buscamos m\u00e1s llegada con G\u00f3mez y Fabi\u00e1n, pero nos falt\u00f3 conexi\u00f3n en la mitad\u201d.<\/p>\n\n\n\n<p>Respecto a la continuidad del cuerpo t\u00e9cnico, Herrera confirm\u00f3 que la dirigencia le pidi\u00f3 hacerse cargo de los partidos de Copa mientras avanzan en la reestructuraci\u00f3n y en la b\u00fasqueda de nuevo entrenador e inversionista.<\/p>\n\n\n\n<p>En cuanto al balance de la participaci\u00f3n en la Copa Colombia, Herrera reconoci\u00f3 que el objetivo de avanzar no se cumpli\u00f3, pero resalt\u00f3 la oportunidad para que varios j\u00f3venes sumaran experiencia profesional: \u201cEs un punto de partida para el segundo semestre\u201d.<\/p>\n\n\n\n<p>Por \u00faltimo, Colonia valor\u00f3 el ambiente interno del equipo, donde conviven jugadores con recorrido y varios juveniles: \u201cEl grupo est\u00e1 unido, los mayores nos apoyan mucho, y el profe nos da confianza para jugar sin presi\u00f3n\u201d. El Deportivo Cali cierra as\u00ed su participaci\u00f3n en la Copa Colombia, con la mira puesta en la Liga, donde esperan recomponer el camino y retomar protagonismo.<\/p>\n\n\n\n<figure class=\"wp-block-video\"><\/figure>\n","protected":false},"excerpt":{"rendered":"<p>En un partido complicado y con un equipo en proceso de reconstrucci\u00f3n, Deportivo Cali no pudo ante un Quind\u00edo efectivo y termin\u00f3 cayendo 0-2 en la Copa Colombia. El t\u00e9cnico Sergio Herrera y el joven debutante Santiago Colonia dieron sus impresiones tras el encuentro en rueda de prensa, dejando claro el momento dif\u00edcil que vive [&hellip;]<\/p>\n","protected":false},"author":3,"featured_media":34770,"comment_status":"open","ping_status":"open","sticky":false,"template":"","format":"video","meta":{"footnotes":""},"categories":[10],"tags":[],"class_list":["post-34769","post","type-post","status-publish","format-video","has-post-thumbnail","hentry","category-cnc-noticias-tulua","post_format-post-format-video"],"_links":{"self":[{"href":"https:\/\/cnctulua.tv\/index.php?rest_route=\/wp\/v2\/posts\/34769","targetHints":{"allow":["GET"]}}],"collection":[{"href":"https:\/\/cnctulua.tv\/index.php?rest_route=\/wp\/v2\/posts"}],"about":[{"href":"https:\/\/cnctulua.tv\/index.php?rest_route=\/wp\/v2\/types\/post"}],"author":[{"embeddable":true,"href":"https:\/\/cnctulua.tv\/index.php?rest_route=\/wp\/v2\/users\/3"}],"replies":[{"embeddable":true,"href":"https:\/\/cnctulua.tv\/index.php?rest_route=%2Fwp%2Fv2%2Fcomments&post=34769"}],"version-history":[{"count":1,"href":"https:\/\/cnctulua.tv\/index.php?rest_route=\/wp\/v2\/posts\/34769\/revisions"}],"predecessor-version":[{"id":34771,"href":"https:\/\/cnctulua.tv\/index.php?rest_route=\/wp\/v2\/posts\/34769\/revisions\/34771"}],"wp:featuredmedia":[{"embeddable":true,"href":"https:\/\/cnctulua.tv\/index.php?rest_route=\/wp\/v2\/media\/34770"}],"wp:attachment":[{"href":"https:\/\/cnctulua.tv\/index.php?rest_route=%2Fwp%2Fv2%2Fmedia&parent=34769"}],"wp:term":[{"taxonomy":"category","embeddable":true,"href":"https:\/\/cnctulua.tv\/index.php?rest_route=%2Fwp%2Fv2%2Fcategories&post=34769"},{"taxonomy":"post_tag","embeddable":true,"href":"https:\/\/cnctulua.tv\/index.php?rest_route=%2Fwp%2Fv2%2Ftags&post=34769"}],"curies":[{"name":"wp","href":"https:\/\/api.w.org\/{rel}","templated":true}]}}