{"id":34772,"date":"2025-06-11T19:41:52","date_gmt":"2025-06-11T19:41:52","guid":{"rendered":"https:\/\/cnctulua.tv\/?p=34772"},"modified":"2025-06-11T19:41:52","modified_gmt":"2025-06-11T19:41:52","slug":"atletismo-tulua-sale-a-la-cancha-en-cali-buscando-cupos-para-el-nacional-u18","status":"publish","type":"post","link":"https:\/\/cnctulua.tv\/?p=34772","title":{"rendered":"Atletismo Tulu\u00e1 sale a la cancha en Cali buscando cupos para el Nacional U18"},"content":{"rendered":"\n<p>El atletismo de Tulu\u00e1 no se queda quieto. Este fin de semana, cuatro j\u00f3venes talentos se lanzan a la pista en Cali para pelear por un cupo en el campeonato nacional Sub-18. Bajo el mando del entrenador Luis Eduardo Ar\u00e9valo, la tropa tulue\u00f1a llega con la mente puesta en dejar huella, pese a que las condiciones de entrenamiento no son las ideales.<\/p>\n\n\n\n<p>La delegaci\u00f3n tendr\u00e1 presencia en las pruebas de velocidad \u2014100 y 200 metros\u2014 y en los saltos alto y largo. Ar\u00e9valo reconoce que los obst\u00e1culos no faltan: \u201cNo contamos con la colchoneta para salto alto ni con foso para salto largo, as\u00ed que el trabajo es a pulm\u00f3n y mucha t\u00e9cnica improvisada\u201d. Sin embargo, el entrenador conf\u00eda en la hambre y el deseo de sus pupilos para que den la pelea y saquen la cara por el atletismo local.<\/p>\n\n\n\n<figure class=\"wp-block-embed is-type-video is-provider-youtube wp-block-embed-youtube wp-embed-aspect-16-9 wp-has-aspect-ratio\"><div class=\"wp-block-embed__wrapper\">\n<iframe loading=\"lazy\" title=\"J\u00f3venes talentos de Tulu\u00e1 buscan clasificar al Nacional U18 | Atletismo Valle del Cauca\" width=\"640\" height=\"360\" src=\"https:\/\/www.youtube.com\/embed\/JKbLjM2lp9U?feature=oembed\" frameborder=\"0\" allow=\"accelerometer; autoplay; clipboard-write; encrypted-media; gyroscope; picture-in-picture; web-share\" referrerpolicy=\"strict-origin-when-cross-origin\" allowfullscreen><\/iframe>\n<\/div><\/figure>\n\n\n\n<p>La afici\u00f3n de Tulu\u00e1 est\u00e1 lista para apoyar y seguir la actuaci\u00f3n de estos atletas que quieren romperla en Cali y abrirse paso en el escenario nacional. Esta es la nueva generaci\u00f3n que busca poner en alto el nombre de la ciudad en las pistas.<\/p>\n\n\n\n<figure class=\"wp-block-video\"><\/figure>\n","protected":false},"excerpt":{"rendered":"<p>El atletismo de Tulu\u00e1 no se queda quieto. Este fin de semana, cuatro j\u00f3venes talentos se lanzan a la pista en Cali para pelear por un cupo en el campeonato nacional Sub-18. Bajo el mando del entrenador Luis Eduardo Ar\u00e9valo, la tropa tulue\u00f1a llega con la mente puesta en dejar huella, pese a que las [&hellip;]<\/p>\n","protected":false},"author":3,"featured_media":34773,"comment_status":"open","ping_status":"open","sticky":false,"template":"","format":"video","meta":{"footnotes":""},"categories":[10],"tags":[],"class_list":["post-34772","post","type-post","status-publish","format-video","has-post-thumbnail","hentry","category-cnc-noticias-tulua","post_format-post-format-video"],"_links":{"self":[{"href":"https:\/\/cnctulua.tv\/index.php?rest_route=\/wp\/v2\/posts\/34772","targetHints":{"allow":["GET"]}}],"collection":[{"href":"https:\/\/cnctulua.tv\/index.php?rest_route=\/wp\/v2\/posts"}],"about":[{"href":"https:\/\/cnctulua.tv\/index.php?rest_route=\/wp\/v2\/types\/post"}],"author":[{"embeddable":true,"href":"https:\/\/cnctulua.tv\/index.php?rest_route=\/wp\/v2\/users\/3"}],"replies":[{"embeddable":true,"href":"https:\/\/cnctulua.tv\/index.php?rest_route=%2Fwp%2Fv2%2Fcomments&post=34772"}],"version-history":[{"count":1,"href":"https:\/\/cnctulua.tv\/index.php?rest_route=\/wp\/v2\/posts\/34772\/revisions"}],"predecessor-version":[{"id":34774,"href":"https:\/\/cnctulua.tv\/index.php?rest_route=\/wp\/v2\/posts\/34772\/revisions\/34774"}],"wp:featuredmedia":[{"embeddable":true,"href":"https:\/\/cnctulua.tv\/index.php?rest_route=\/wp\/v2\/media\/34773"}],"wp:attachment":[{"href":"https:\/\/cnctulua.tv\/index.php?rest_route=%2Fwp%2Fv2%2Fmedia&parent=34772"}],"wp:term":[{"taxonomy":"category","embeddable":true,"href":"https:\/\/cnctulua.tv\/index.php?rest_route=%2Fwp%2Fv2%2Fcategories&post=34772"},{"taxonomy":"post_tag","embeddable":true,"href":"https:\/\/cnctulua.tv\/index.php?rest_route=%2Fwp%2Fv2%2Ftags&post=34772"}],"curies":[{"name":"wp","href":"https:\/\/api.w.org\/{rel}","templated":true}]}}