{"id":34778,"date":"2025-06-11T19:45:53","date_gmt":"2025-06-11T19:45:53","guid":{"rendered":"https:\/\/cnctulua.tv\/?p=34778"},"modified":"2025-06-11T19:45:53","modified_gmt":"2025-06-11T19:45:53","slug":"extorsion-y-hurto-en-tulua-dos-hombres-judicializados-por-presunta-presion-violenta-contra-comerciante","status":"publish","type":"post","link":"https:\/\/cnctulua.tv\/?p=34778","title":{"rendered":"Extorsi\u00f3n y hurto en Tulu\u00e1: dos hombres judicializados por presunta presi\u00f3n violenta contra comerciante"},"content":{"rendered":"\n<p>La Fiscal\u00eda General de la Naci\u00f3n present\u00f3 ante un juez de control de garant\u00edas de Tulu\u00e1, a dos hombres se\u00f1alados de participar en un violento caso de extorsi\u00f3n y hurto, que tuvo como v\u00edctima a un comerciante local. Seg\u00fan las autoridades, el hecho habr\u00eda sido perpetrado como una forma de coerci\u00f3n, luego de que la v\u00edctima se negara a pagar una exigencia econ\u00f3mica previamente impuesta.<\/p>\n\n\n\n<p>Los hechos investigados ocurrieron el pasado 16 de febrero, cuando presuntos integrantes de una organizaci\u00f3n delincuencial abordaron al comerciante en su establecimiento y se apoderaron de un cami\u00f3n avaluado en 40 millones de pesos. La acci\u00f3n habr\u00eda sido ejecutada como represalia por la negativa del comerciante a pagar una extorsi\u00f3n que ven\u00eda recibiendo con anterioridad.<\/p>\n\n\n\n<figure class=\"wp-block-embed is-type-video is-provider-youtube wp-block-embed-youtube wp-embed-aspect-16-9 wp-has-aspect-ratio\"><div class=\"wp-block-embed__wrapper\">\n<iframe loading=\"lazy\" title=\"Extorsi\u00f3n y hurto en Tulu\u00e1: Fiscal\u00eda judicializa a dos sospechosos \ud83d\udea8\ud83d\ude9b\" width=\"640\" height=\"360\" src=\"https:\/\/www.youtube.com\/embed\/3iF9jMs6BYg?feature=oembed\" frameborder=\"0\" allow=\"accelerometer; autoplay; clipboard-write; encrypted-media; gyroscope; picture-in-picture; web-share\" referrerpolicy=\"strict-origin-when-cross-origin\" allowfullscreen><\/iframe>\n<\/div><\/figure>\n\n\n\n<p>Durante el desarrollo de la investigaci\u00f3n, tambi\u00e9n se estableci\u00f3 que la esposa del comerciante fue presionada para eliminar grabaciones de video donde hab\u00eda quedado registrado el hurto del veh\u00edculo.<\/p>\n\n\n\n<p>Uno de los presuntos responsables fue capturado por unidades del Gaula de la Polic\u00eda Nacional el pasado 4 de junio en el barrio Farf\u00e1n de Tulu\u00e1, en cumplimiento de una orden judicial. El otro implicado fue notificado sobre el proceso en el centro penitenciario donde actualmente se encuentra recluido por otros hechos delictivos.<\/p>\n\n\n\n<p>Ambos fueron imputados por los delitos de extorsi\u00f3n agravada, hurto calificado agravado y constre\u00f1imiento ilegal. Tras la audiencia de legalizaci\u00f3n de captura e imputaci\u00f3n, el juez de control de garant\u00edas decidi\u00f3 imponerles medida de aseguramiento en centro carcelario mientras avanza el proceso judicial en su contra.<\/p>\n\n\n\n<p>La Fiscal\u00eda reiter\u00f3 su compromiso con el esclarecimiento de los delitos que afectan la seguridad de los comerciantes y anunci\u00f3 que continuar\u00e1 con las investigaciones para establecer si hay m\u00e1s personas involucradas en esta acci\u00f3n criminal.<\/p>\n\n\n\n<figure class=\"wp-block-video\"><\/figure>\n","protected":false},"excerpt":{"rendered":"<p>La Fiscal\u00eda General de la Naci\u00f3n present\u00f3 ante un juez de control de garant\u00edas de Tulu\u00e1, a dos hombres se\u00f1alados de participar en un violento caso de extorsi\u00f3n y hurto, que tuvo como v\u00edctima a un comerciante local. Seg\u00fan las autoridades, el hecho habr\u00eda sido perpetrado como una forma de coerci\u00f3n, luego de que la [&hellip;]<\/p>\n","protected":false},"author":3,"featured_media":34779,"comment_status":"open","ping_status":"open","sticky":false,"template":"","format":"video","meta":{"footnotes":""},"categories":[10],"tags":[],"class_list":["post-34778","post","type-post","status-publish","format-video","has-post-thumbnail","hentry","category-cnc-noticias-tulua","post_format-post-format-video"],"_links":{"self":[{"href":"https:\/\/cnctulua.tv\/index.php?rest_route=\/wp\/v2\/posts\/34778","targetHints":{"allow":["GET"]}}],"collection":[{"href":"https:\/\/cnctulua.tv\/index.php?rest_route=\/wp\/v2\/posts"}],"about":[{"href":"https:\/\/cnctulua.tv\/index.php?rest_route=\/wp\/v2\/types\/post"}],"author":[{"embeddable":true,"href":"https:\/\/cnctulua.tv\/index.php?rest_route=\/wp\/v2\/users\/3"}],"replies":[{"embeddable":true,"href":"https:\/\/cnctulua.tv\/index.php?rest_route=%2Fwp%2Fv2%2Fcomments&post=34778"}],"version-history":[{"count":1,"href":"https:\/\/cnctulua.tv\/index.php?rest_route=\/wp\/v2\/posts\/34778\/revisions"}],"predecessor-version":[{"id":34780,"href":"https:\/\/cnctulua.tv\/index.php?rest_route=\/wp\/v2\/posts\/34778\/revisions\/34780"}],"wp:featuredmedia":[{"embeddable":true,"href":"https:\/\/cnctulua.tv\/index.php?rest_route=\/wp\/v2\/media\/34779"}],"wp:attachment":[{"href":"https:\/\/cnctulua.tv\/index.php?rest_route=%2Fwp%2Fv2%2Fmedia&parent=34778"}],"wp:term":[{"taxonomy":"category","embeddable":true,"href":"https:\/\/cnctulua.tv\/index.php?rest_route=%2Fwp%2Fv2%2Fcategories&post=34778"},{"taxonomy":"post_tag","embeddable":true,"href":"https:\/\/cnctulua.tv\/index.php?rest_route=%2Fwp%2Fv2%2Ftags&post=34778"}],"curies":[{"name":"wp","href":"https:\/\/api.w.org\/{rel}","templated":true}]}}