{"id":34781,"date":"2025-06-12T18:46:00","date_gmt":"2025-06-12T18:46:00","guid":{"rendered":"https:\/\/cnctulua.tv\/?p=34781"},"modified":"2025-06-12T18:46:00","modified_gmt":"2025-06-12T18:46:00","slug":"consejo-de-seguridad-en-cali-gobierno-reconoce-limitaciones-para-contener-la-violencia-en-el-suroccidente-del-pais","status":"publish","type":"post","link":"https:\/\/cnctulua.tv\/?p=34781","title":{"rendered":"Consejo de Seguridad en Cali: \u00abGobierno reconoce limitaciones para contener la violencia en el suroccidente del pa\u00eds\u00bb"},"content":{"rendered":"\n<p>En medio de un preocupante aumento de la violencia en el suroccidente colombiano, autoridades nacionales y regionales se reunieron en Cali para llevar a cabo un consejo de seguridad extraordinario, con el objetivo de dise\u00f1ar estrategias integrales que permitan mitigar el conflicto en esta zona del pa\u00eds.<\/p>\n\n\n\n<p>Pedro S\u00e1nchez, ministro de Defensa, afirm\u00f3 que la magnitud de los hechos registrados exige \u201cacciones contundentes\u201d que trasciendan lo estrictamente militar. \u201cLa guerra es un conflicto social, por lo que la soluci\u00f3n no es solamente con las armas\u201d, asegur\u00f3 el funcionario, quien destac\u00f3 que la respuesta debe incluir tambi\u00e9n aspectos sociales y econ\u00f3micos para transformar los territorios afectados.<\/p>\n\n\n\n<figure class=\"wp-block-embed is-type-video is-provider-youtube wp-block-embed-youtube wp-embed-aspect-16-9 wp-has-aspect-ratio\"><div class=\"wp-block-embed__wrapper\">\n<iframe loading=\"lazy\" title=\"Cali frente a la violencia: Gobierno y autoridades dise\u00f1an plan integral de seguridad\" width=\"640\" height=\"360\" src=\"https:\/\/www.youtube.com\/embed\/d2EIcdqAydU?feature=oembed\" frameborder=\"0\" allow=\"accelerometer; autoplay; clipboard-write; encrypted-media; gyroscope; picture-in-picture; web-share\" referrerpolicy=\"strict-origin-when-cross-origin\" allowfullscreen><\/iframe>\n<\/div><\/figure>\n\n\n\n<p>Entre las medidas anunciadas se encuentra el impulso a cultivos dignos para los campesinos en los l\u00edmites entre el Valle del Cauca y el \u00e1rea de Jamund\u00ed, Su\u00e1rez, Morales, Timbucca y Timba, con el fin de ofrecer alternativas econ\u00f3micas sostenibles que desincentiven la violencia y el cultivo il\u00edcito. Estas acciones cuentan con el respaldo y la articulaci\u00f3n de las gobernaciones del Valle del Cauca y Cauca, as\u00ed como esfuerzos similares en el departamento de Nari\u00f1o.<\/p>\n\n\n\n<p>En paralelo, S\u00e1nchez detall\u00f3 que las fuerzas militares y la Polic\u00eda Nacional adelantar\u00e1n una ofensiva para desmantelar las estructuras criminales responsables de la violencia en la regi\u00f3n, espec\u00edficamente los grupos conocidos como Jaime Mart\u00ednez y Dagoberto Ramos. Esta operaci\u00f3n, denominada \u201cCorasa\u201d, buscar\u00e1 debilitar significativamente estas organizaciones para reducir su capacidad operativa.<\/p>\n\n\n\n<p>El consejo de seguridad extraordinario en Cali refleja la urgencia de una respuesta coordinada y multidimensional ante la crisis de seguridad en el suroccidente colombiano, un esfuerzo que, seg\u00fan las autoridades, combinar\u00e1 fuerza militar con transformaciones sociales para lograr la estabilidad y el desarrollo en la regi\u00f3n.<\/p>\n\n\n\n<figure class=\"wp-block-video\"><\/figure>\n","protected":false},"excerpt":{"rendered":"<p>En medio de un preocupante aumento de la violencia en el suroccidente colombiano, autoridades nacionales y regionales se reunieron en Cali para llevar a cabo un consejo de seguridad extraordinario, con el objetivo de dise\u00f1ar estrategias integrales que permitan mitigar el conflicto en esta zona del pa\u00eds. Pedro S\u00e1nchez, ministro de Defensa, afirm\u00f3 que la [&hellip;]<\/p>\n","protected":false},"author":3,"featured_media":34782,"comment_status":"open","ping_status":"open","sticky":false,"template":"","format":"video","meta":{"footnotes":""},"categories":[10],"tags":[],"class_list":["post-34781","post","type-post","status-publish","format-video","has-post-thumbnail","hentry","category-cnc-noticias-tulua","post_format-post-format-video"],"_links":{"self":[{"href":"https:\/\/cnctulua.tv\/index.php?rest_route=\/wp\/v2\/posts\/34781","targetHints":{"allow":["GET"]}}],"collection":[{"href":"https:\/\/cnctulua.tv\/index.php?rest_route=\/wp\/v2\/posts"}],"about":[{"href":"https:\/\/cnctulua.tv\/index.php?rest_route=\/wp\/v2\/types\/post"}],"author":[{"embeddable":true,"href":"https:\/\/cnctulua.tv\/index.php?rest_route=\/wp\/v2\/users\/3"}],"replies":[{"embeddable":true,"href":"https:\/\/cnctulua.tv\/index.php?rest_route=%2Fwp%2Fv2%2Fcomments&post=34781"}],"version-history":[{"count":1,"href":"https:\/\/cnctulua.tv\/index.php?rest_route=\/wp\/v2\/posts\/34781\/revisions"}],"predecessor-version":[{"id":34783,"href":"https:\/\/cnctulua.tv\/index.php?rest_route=\/wp\/v2\/posts\/34781\/revisions\/34783"}],"wp:featuredmedia":[{"embeddable":true,"href":"https:\/\/cnctulua.tv\/index.php?rest_route=\/wp\/v2\/media\/34782"}],"wp:attachment":[{"href":"https:\/\/cnctulua.tv\/index.php?rest_route=%2Fwp%2Fv2%2Fmedia&parent=34781"}],"wp:term":[{"taxonomy":"category","embeddable":true,"href":"https:\/\/cnctulua.tv\/index.php?rest_route=%2Fwp%2Fv2%2Fcategories&post=34781"},{"taxonomy":"post_tag","embeddable":true,"href":"https:\/\/cnctulua.tv\/index.php?rest_route=%2Fwp%2Fv2%2Ftags&post=34781"}],"curies":[{"name":"wp","href":"https:\/\/api.w.org\/{rel}","templated":true}]}}