{"id":34784,"date":"2025-06-12T18:48:04","date_gmt":"2025-06-12T18:48:04","guid":{"rendered":"https:\/\/cnctulua.tv\/?p=34784"},"modified":"2025-06-12T18:48:04","modified_gmt":"2025-06-12T18:48:04","slug":"gobernadora-del-valle-del-cauca-destaca-importancia-de-acciones-integrales-contra-violencia-y-cultivos-ilicitos-en-el-suroccidente","status":"publish","type":"post","link":"https:\/\/cnctulua.tv\/?p=34784","title":{"rendered":"Gobernadora del Valle del Cauca destaca importancia de acciones integrales contra violencia y cultivos il\u00edcitos en el suroccidente"},"content":{"rendered":"\n<p>En el marco del consejo de seguridad extraordinario realizado en Cali, la gobernadora del Valle del Cauca, Dilian Francisca Toro, enfatiz\u00f3 la urgente necesidad de una respuesta conjunta y contundente para enfrentar la violencia que afecta a esta regi\u00f3n y al departamento del Cauca. La mandataria subray\u00f3 la interrelaci\u00f3n entre ambos territorios, vinculados por un enclave cocalero que financia a grupos armados ilegales, particularmente a las disidencias de las FARC Jaime Mart\u00ednez.<\/p>\n\n\n\n<p>Toro destac\u00f3 que los ataques violentos que se han registrado no solo impactan a Cali y al Valle, sino que tambi\u00e9n afectan gravemente al Cauca, generando un c\u00edrculo de violencia y deterioro social que incluye el bloqueo del desarrollo econ\u00f3mico y tur\u00edstico. \u201cLo que le pasa al Valle afecta al Cauca y viceversa\u201d, afirm\u00f3, resaltando la importancia de articular esfuerzos regionales para hacerle frente a esta crisis.<\/p>\n\n\n\n<figure class=\"wp-block-embed is-type-video is-provider-youtube wp-block-embed-youtube wp-embed-aspect-16-9 wp-has-aspect-ratio\"><div class=\"wp-block-embed__wrapper\">\n<iframe loading=\"lazy\" title=\"Plan integral contra violencia en el suroccidente: \u00bfQu\u00e9 significa para Cauca y el Valle? \ud83d\udd0e\ud83d\udea8\" width=\"640\" height=\"360\" src=\"https:\/\/www.youtube.com\/embed\/rU79jPnlh_c?feature=oembed\" frameborder=\"0\" allow=\"accelerometer; autoplay; clipboard-write; encrypted-media; gyroscope; picture-in-picture; web-share\" referrerpolicy=\"strict-origin-when-cross-origin\" allowfullscreen><\/iframe>\n<\/div><\/figure>\n\n\n\n<p>La gobernadora indic\u00f3 que, junto con autoridades locales y regionales, se ha solicitado al Gobierno Nacional acciones extraordinarias que incluyen un aumento significativo en la presencia de la fuerza p\u00fablica, operaciones conjuntas y mayor inteligencia en zonas rurales, especialmente en municipios como Jamund\u00ed, Su\u00e1rez y Timb\u00edo. Adem\u00e1s, resalt\u00f3 la importancia de avanzar en programas de sustituci\u00f3n de cultivos il\u00edcitos, iniciativa que ahora cuenta con el respaldo oficial del Gobierno Nacional.<\/p>\n\n\n\n<p>\u201cSi no eliminamos el insumo econ\u00f3mico, dif\u00edcilmente podremos lograr una soluci\u00f3n sostenible\u201d, se\u00f1al\u00f3 Toro, quien resalt\u00f3 tambi\u00e9n la inclusi\u00f3n de Jamund\u00ed en el Pacto Cauca, un acuerdo clave para la inversi\u00f3n social en la regi\u00f3n que busca fortalecer las condiciones de vida en las zonas rurales afectadas por el conflicto.<\/p>\n\n\n\n<p>Finalmente, la mandataria expres\u00f3 su compromiso de hacer un seguimiento riguroso a los compromisos adquiridos en el consejo, proponiendo una evaluaci\u00f3n en un plazo no mayor a un mes para verificar el cumplimiento y efectividad de las estrategias implementadas.<\/p>\n\n\n\n<p>Este enfoque integral busca combinar la ofensiva militar con acciones sociales y econ\u00f3micas, con el fin de transformar el suroccidente colombiano y llevar tranquilidad y desarrollo a las comunidades afectadas.<\/p>\n\n\n\n<figure class=\"wp-block-video\"><\/figure>\n","protected":false},"excerpt":{"rendered":"<p>En el marco del consejo de seguridad extraordinario realizado en Cali, la gobernadora del Valle del Cauca, Dilian Francisca Toro, enfatiz\u00f3 la urgente necesidad de una respuesta conjunta y contundente para enfrentar la violencia que afecta a esta regi\u00f3n y al departamento del Cauca. La mandataria subray\u00f3 la interrelaci\u00f3n entre ambos territorios, vinculados por un [&hellip;]<\/p>\n","protected":false},"author":3,"featured_media":34785,"comment_status":"open","ping_status":"open","sticky":false,"template":"","format":"video","meta":{"footnotes":""},"categories":[10],"tags":[],"class_list":["post-34784","post","type-post","status-publish","format-video","has-post-thumbnail","hentry","category-cnc-noticias-tulua","post_format-post-format-video"],"_links":{"self":[{"href":"https:\/\/cnctulua.tv\/index.php?rest_route=\/wp\/v2\/posts\/34784","targetHints":{"allow":["GET"]}}],"collection":[{"href":"https:\/\/cnctulua.tv\/index.php?rest_route=\/wp\/v2\/posts"}],"about":[{"href":"https:\/\/cnctulua.tv\/index.php?rest_route=\/wp\/v2\/types\/post"}],"author":[{"embeddable":true,"href":"https:\/\/cnctulua.tv\/index.php?rest_route=\/wp\/v2\/users\/3"}],"replies":[{"embeddable":true,"href":"https:\/\/cnctulua.tv\/index.php?rest_route=%2Fwp%2Fv2%2Fcomments&post=34784"}],"version-history":[{"count":1,"href":"https:\/\/cnctulua.tv\/index.php?rest_route=\/wp\/v2\/posts\/34784\/revisions"}],"predecessor-version":[{"id":34786,"href":"https:\/\/cnctulua.tv\/index.php?rest_route=\/wp\/v2\/posts\/34784\/revisions\/34786"}],"wp:featuredmedia":[{"embeddable":true,"href":"https:\/\/cnctulua.tv\/index.php?rest_route=\/wp\/v2\/media\/34785"}],"wp:attachment":[{"href":"https:\/\/cnctulua.tv\/index.php?rest_route=%2Fwp%2Fv2%2Fmedia&parent=34784"}],"wp:term":[{"taxonomy":"category","embeddable":true,"href":"https:\/\/cnctulua.tv\/index.php?rest_route=%2Fwp%2Fv2%2Fcategories&post=34784"},{"taxonomy":"post_tag","embeddable":true,"href":"https:\/\/cnctulua.tv\/index.php?rest_route=%2Fwp%2Fv2%2Ftags&post=34784"}],"curies":[{"name":"wp","href":"https:\/\/api.w.org\/{rel}","templated":true}]}}