{"id":34795,"date":"2025-06-12T19:00:14","date_gmt":"2025-06-12T19:00:14","guid":{"rendered":"https:\/\/cnctulua.tv\/?p=34795"},"modified":"2025-06-12T19:00:14","modified_gmt":"2025-06-12T19:00:14","slug":"internacional-fc-y-jaguares-empatan-sin-goles-en-palmira-un-duelo-de-mucho-roce-y-poco-gol","status":"publish","type":"post","link":"https:\/\/cnctulua.tv\/?p=34795","title":{"rendered":"Internacional FC y Jaguares empatan sin goles en Palmira: un duelo de mucho roce y poco gol"},"content":{"rendered":"\n<p>En el cierre de la primera parte del torneo, Internacional FC de Palmira igual\u00f3 0-0 ante Jaguares en un partido marcado por la intensidad defensiva y la falta de punter\u00eda en los \u00faltimos metros. El marcador final no refleja todo el esfuerzo y las ocasiones que dej\u00f3 un duelo donde el cero a cero predomin\u00f3, pero que tambi\u00e9n sirvi\u00f3 para reafirmar el proyecto deportivo del equipo dirigido por H\u00e9ctor C\u00e1rdenas.<\/p>\n\n\n\n<p>Desde el pitazo inicial, ambos equipos dejaron claro que no regalar\u00edan nada. Internacional mostr\u00f3 una s\u00f3lida estructura defensiva, con un bloque compacto que no permiti\u00f3 muchas opciones claras al rival. Sin embargo, la mayor dificultad estuvo en la ofensiva, donde las chances m\u00e1s claras no se lograron concretar.<\/p>\n\n\n\n<figure class=\"wp-block-embed is-type-video is-provider-youtube wp-block-embed-youtube wp-embed-aspect-16-9 wp-has-aspect-ratio\"><div class=\"wp-block-embed__wrapper\">\n<iframe loading=\"lazy\" title=\"\ud83d\udd34\u26ab Inter Palmira y Jaguares empatan 0-0 | An\u00e1lisis desde Cali del juego y proyecci\u00f3n del equipo \ud83e\uddd0\u26bd\" width=\"640\" height=\"360\" src=\"https:\/\/www.youtube.com\/embed\/DxnGDxU8Zg0?feature=oembed\" frameborder=\"0\" allow=\"accelerometer; autoplay; clipboard-write; encrypted-media; gyroscope; picture-in-picture; web-share\" referrerpolicy=\"strict-origin-when-cross-origin\" allowfullscreen><\/iframe>\n<\/div><\/figure>\n\n\n\n<p>El t\u00e9cnico C\u00e1rdenas destac\u00f3 la importancia de mantener la base del equipo, la cual ha ido creciendo desde la cantera. \u201cLa idea es consolidar a estos jugadores que vienen del proceso formativo y que poco a poco se est\u00e1n ganando un lugar en el primer equipo\u201d, coment\u00f3. Para el estratega, este empate es parte de un proceso de construcci\u00f3n que tiene como meta el ascenso a final de a\u00f1o.<\/p>\n\n\n\n<p>Por su parte, el mediocampista Arled Cadavid reconoci\u00f3 que al equipo le falt\u00f3 definir mejor las jugadas. \u201cTuvimos las oportunidades m\u00e1s claras, pero nos falt\u00f3 cerrar con contundencia. Estamos convencidos de nuestra idea de juego y sabemos que el trabajo seguir\u00e1 dando frutos\u201d, afirm\u00f3.<\/p>\n\n\n\n<p>Con este resultado, Internacional no pudo clasificar a la final, pero mantiene viva la esperanza en la reclasificaci\u00f3n, esperando mejorar en la segunda mitad del torneo.<\/p>\n\n\n\n<p>El pr\u00f3ximo compromiso ser\u00e1 frente a Real Cartagena en el estadio Jaime Mor\u00f3n, un reto que el equipo afrontar\u00e1 con la misi\u00f3n clara de mejorar la efectividad. Seg\u00fan Cadavid, \u201chay que fortalecer lo bueno que hemos hecho y ser m\u00e1s precisos en la finalizaci\u00f3n para sacar puntos de visitante\u201d.<\/p>\n\n\n\n<p>Sobre posibles refuerzos y ajustes, C\u00e1rdenas se mostr\u00f3 cauteloso. \u201cPrimero queremos que el grupo termine sano y unido. Luego, junto con la dirigencia, evaluaremos qu\u00e9 posiciones reforzar para seguir creciendo\u201d, explic\u00f3. Internacional FC cierra este semestre con un empate sin goles, un resultado que no suma de a tres, pero que deja en evidencia el trabajo serio y la apuesta clara por la cantera y la formaci\u00f3n de un equipo competitivo que sue\u00f1a con volver a primera.<\/p>\n\n\n\n<figure class=\"wp-block-video\"><\/figure>\n","protected":false},"excerpt":{"rendered":"<p>En el cierre de la primera parte del torneo, Internacional FC de Palmira igual\u00f3 0-0 ante Jaguares en un partido marcado por la intensidad defensiva y la falta de punter\u00eda en los \u00faltimos metros. El marcador final no refleja todo el esfuerzo y las ocasiones que dej\u00f3 un duelo donde el cero a cero predomin\u00f3, [&hellip;]<\/p>\n","protected":false},"author":3,"featured_media":34796,"comment_status":"open","ping_status":"open","sticky":false,"template":"","format":"video","meta":{"footnotes":""},"categories":[10],"tags":[],"class_list":["post-34795","post","type-post","status-publish","format-video","has-post-thumbnail","hentry","category-cnc-noticias-tulua","post_format-post-format-video"],"_links":{"self":[{"href":"https:\/\/cnctulua.tv\/index.php?rest_route=\/wp\/v2\/posts\/34795","targetHints":{"allow":["GET"]}}],"collection":[{"href":"https:\/\/cnctulua.tv\/index.php?rest_route=\/wp\/v2\/posts"}],"about":[{"href":"https:\/\/cnctulua.tv\/index.php?rest_route=\/wp\/v2\/types\/post"}],"author":[{"embeddable":true,"href":"https:\/\/cnctulua.tv\/index.php?rest_route=\/wp\/v2\/users\/3"}],"replies":[{"embeddable":true,"href":"https:\/\/cnctulua.tv\/index.php?rest_route=%2Fwp%2Fv2%2Fcomments&post=34795"}],"version-history":[{"count":1,"href":"https:\/\/cnctulua.tv\/index.php?rest_route=\/wp\/v2\/posts\/34795\/revisions"}],"predecessor-version":[{"id":34797,"href":"https:\/\/cnctulua.tv\/index.php?rest_route=\/wp\/v2\/posts\/34795\/revisions\/34797"}],"wp:featuredmedia":[{"embeddable":true,"href":"https:\/\/cnctulua.tv\/index.php?rest_route=\/wp\/v2\/media\/34796"}],"wp:attachment":[{"href":"https:\/\/cnctulua.tv\/index.php?rest_route=%2Fwp%2Fv2%2Fmedia&parent=34795"}],"wp:term":[{"taxonomy":"category","embeddable":true,"href":"https:\/\/cnctulua.tv\/index.php?rest_route=%2Fwp%2Fv2%2Fcategories&post=34795"},{"taxonomy":"post_tag","embeddable":true,"href":"https:\/\/cnctulua.tv\/index.php?rest_route=%2Fwp%2Fv2%2Ftags&post=34795"}],"curies":[{"name":"wp","href":"https:\/\/api.w.org\/{rel}","templated":true}]}}