{"id":34836,"date":"2025-06-16T20:48:38","date_gmt":"2025-06-16T20:48:38","guid":{"rendered":"https:\/\/cnctulua.tv\/?p=34836"},"modified":"2025-06-16T20:48:38","modified_gmt":"2025-06-16T20:48:38","slug":"atentan-contra-el-alcalde-de-cartago-en-zona-rural-del-municipio-un-escolta-resulto-herido","status":"publish","type":"post","link":"https:\/\/cnctulua.tv\/?p=34836","title":{"rendered":"Atentan contra el alcalde de Cartago en zona rural del municipio: un escolta result\u00f3 herido"},"content":{"rendered":"\n<p>El alcalde del municipio de Cartago, Juan David Piedrah\u00edta, fue v\u00edctima de un atentado en la ma\u00f1ana del domingo 15 de junio, cuando transitaba en su veh\u00edculo oficial por la vereda Mod\u00edn, en la zona rural de Villa Robledo. Aunque el mandatario local result\u00f3 ileso, uno de sus escoltas fue impactado por un proyectil y se encuentra hospitalizado.<\/p>\n\n\n\n<p>De acuerdo con el testimonio del propio alcalde, el ataque ocurri\u00f3 de manera sorpresiva mientras se desplazaba en compa\u00f1\u00eda de su equipo de seguridad. \u201cUna de las personas que me estaban acompa\u00f1ando se encuentra en el hospital\u201d, declar\u00f3 Piedrah\u00edta, quien relat\u00f3 que vivi\u00f3 momentos de gran angustia durante el atentado.<\/p>\n\n\n\n<figure class=\"wp-block-embed is-type-video is-provider-youtube wp-block-embed-youtube wp-embed-aspect-16-9 wp-has-aspect-ratio\"><div class=\"wp-block-embed__wrapper\">\n<iframe loading=\"lazy\" title=\"\ud83c\udfa5 \ud83d\udd34 Atacan al alcalde de Cartago en zona rural: esto es lo que se sabe\" width=\"640\" height=\"360\" src=\"https:\/\/www.youtube.com\/embed\/eABc5x1HNbE?feature=oembed\" frameborder=\"0\" allow=\"accelerometer; autoplay; clipboard-write; encrypted-media; gyroscope; picture-in-picture; web-share\" referrerpolicy=\"strict-origin-when-cross-origin\" allowfullscreen><\/iframe>\n<\/div><\/figure>\n\n\n\n<p>La Polic\u00eda Nacional, a trav\u00e9s de la coronel Sandra Liliana Rodr\u00edguez Castro, comandante del Departamento de Polic\u00eda Valle, inform\u00f3 que se han desplegado todas las capacidades investigativas para esclarecer los hechos. \u201cEstamos comprometidos en determinar el modo, tiempo y lugar del atentado, y continuamos trabajando para garantizar la seguridad de nuestros mandatarios en el Valle del Cauca\u201d, afirm\u00f3 la oficial.<\/p>\n\n\n\n<p>Rodr\u00edguez Castro tambi\u00e9n hizo un llamado a la ciudadan\u00eda para que aporte informaci\u00f3n que permita fortalecer las acciones de seguridad en el municipio: \u201cInvitamos a toda la comunidad a informar cualquier hecho que pueda vulnerar la tranquilidad de Cartago\u201d.<\/p>\n\n\n\n<p>Este nuevo episodio de violencia se presenta en un momento cr\u00edtico para el occidente del pa\u00eds. La semana anterior, seg\u00fan datos oficiales, se registraron 24 ataques violentos en un solo d\u00eda, varios de ellos atribuidos al grupo armado residual liderado por Iv\u00e1n Mordisco. Aunque las autoridades no han confirmado que el ataque contra el alcalde est\u00e9 relacionado con estos grupos, no se descarta dicha posibilidad en el marco de las investigaciones.<\/p>\n\n\n\n<p>Hasta el momento, el estado de salud del escolta herido no ha sido confirmado oficialmente. Sin embargo, fuentes cercanas a la administraci\u00f3n municipal se\u00f1alaron que est\u00e1 recibiendo atenci\u00f3n m\u00e9dica en un centro hospitalario de la regi\u00f3n.<\/p>\n\n\n\n<p>El atentado ha generado preocupaci\u00f3n entre los habitantes de Cartago y de otros municipios del norte del Valle, quienes piden mayor presencia del Estado en las zonas rurales y garant\u00edas para el ejercicio de los liderazgos pol\u00edticos.<\/p>\n\n\n\n<figure class=\"wp-block-video\"><\/figure>\n","protected":false},"excerpt":{"rendered":"<p>El alcalde del municipio de Cartago, Juan David Piedrah\u00edta, fue v\u00edctima de un atentado en la ma\u00f1ana del domingo 15 de junio, cuando transitaba en su veh\u00edculo oficial por la vereda Mod\u00edn, en la zona rural de Villa Robledo. Aunque el mandatario local result\u00f3 ileso, uno de sus escoltas fue impactado por un proyectil y [&hellip;]<\/p>\n","protected":false},"author":3,"featured_media":34837,"comment_status":"open","ping_status":"open","sticky":false,"template":"","format":"video","meta":{"footnotes":""},"categories":[1],"tags":[],"class_list":["post-34836","post","type-post","status-publish","format-video","has-post-thumbnail","hentry","category-uncategorized","post_format-post-format-video"],"_links":{"self":[{"href":"https:\/\/cnctulua.tv\/index.php?rest_route=\/wp\/v2\/posts\/34836","targetHints":{"allow":["GET"]}}],"collection":[{"href":"https:\/\/cnctulua.tv\/index.php?rest_route=\/wp\/v2\/posts"}],"about":[{"href":"https:\/\/cnctulua.tv\/index.php?rest_route=\/wp\/v2\/types\/post"}],"author":[{"embeddable":true,"href":"https:\/\/cnctulua.tv\/index.php?rest_route=\/wp\/v2\/users\/3"}],"replies":[{"embeddable":true,"href":"https:\/\/cnctulua.tv\/index.php?rest_route=%2Fwp%2Fv2%2Fcomments&post=34836"}],"version-history":[{"count":1,"href":"https:\/\/cnctulua.tv\/index.php?rest_route=\/wp\/v2\/posts\/34836\/revisions"}],"predecessor-version":[{"id":34838,"href":"https:\/\/cnctulua.tv\/index.php?rest_route=\/wp\/v2\/posts\/34836\/revisions\/34838"}],"wp:featuredmedia":[{"embeddable":true,"href":"https:\/\/cnctulua.tv\/index.php?rest_route=\/wp\/v2\/media\/34837"}],"wp:attachment":[{"href":"https:\/\/cnctulua.tv\/index.php?rest_route=%2Fwp%2Fv2%2Fmedia&parent=34836"}],"wp:term":[{"taxonomy":"category","embeddable":true,"href":"https:\/\/cnctulua.tv\/index.php?rest_route=%2Fwp%2Fv2%2Fcategories&post=34836"},{"taxonomy":"post_tag","embeddable":true,"href":"https:\/\/cnctulua.tv\/index.php?rest_route=%2Fwp%2Fv2%2Ftags&post=34836"}],"curies":[{"name":"wp","href":"https:\/\/api.w.org\/{rel}","templated":true}]}}