{"id":34839,"date":"2025-06-16T20:51:53","date_gmt":"2025-06-16T20:51:53","guid":{"rendered":"https:\/\/cnctulua.tv\/?p=34839"},"modified":"2025-06-16T20:51:53","modified_gmt":"2025-06-16T20:51:53","slug":"capturan-en-trujillo-a-presunta-colaboradora-del-clan-del-golfo-con-armamento-y-material-ilegal","status":"publish","type":"post","link":"https:\/\/cnctulua.tv\/?p=34839","title":{"rendered":"Capturan en Trujillo a presunta colaboradora del Clan del Golfo con armamento y material ilegal"},"content":{"rendered":"\n<p>Una joven de 18 a\u00f1os fue capturada en zona rural del municipio de Trujillo, se\u00f1alada por las autoridades como presunta colaboradora del Clan del Golfo, grupo armado organizado que opera en el suroccidente del pa\u00eds. La detenci\u00f3n se produjo en el marco de un operativo de registro y allanamiento en la vereda Sonora, donde tambi\u00e9n se incaut\u00f3 armamento de uso privativo de las Fuerzas Militares, munici\u00f3n, equipos de comunicaci\u00f3n y documentos alusivos al grupo ilegal.<\/p>\n\n\n\n<p>La operaci\u00f3n fue desarrollada de manera conjunta por unidades de investigaci\u00f3n judicial, el Ej\u00e9rcito Nacional y la Fiscal\u00eda General de la Naci\u00f3n, como parte de las acciones contra estructuras armadas que mantienen presencia en \u00e1reas rurales del Valle del Cauca.<\/p>\n\n\n\n<figure class=\"wp-block-embed is-type-video is-provider-youtube wp-block-embed-youtube wp-embed-aspect-16-9 wp-has-aspect-ratio\"><div class=\"wp-block-embed__wrapper\">\n<iframe loading=\"lazy\" title=\"Detenida presunta colaboradora del Clan del Golfo en Trujillo | Impacto en la comunidad\" width=\"640\" height=\"360\" src=\"https:\/\/www.youtube.com\/embed\/wwnbcIwoRas?feature=oembed\" frameborder=\"0\" allow=\"accelerometer; autoplay; clipboard-write; encrypted-media; gyroscope; picture-in-picture; web-share\" referrerpolicy=\"strict-origin-when-cross-origin\" allowfullscreen><\/iframe>\n<\/div><\/figure>\n\n\n\n<p>Entre los elementos hallados durante el procedimiento se encuentran un fusil calibre 5.56 mm con su respectivo proveedor, una escopeta calibre 12 mm, 242 cartuchos de diferentes calibres, dos radios de comunicaci\u00f3n y documentos que, seg\u00fan las investigaciones, podr\u00edan estar relacionados con la estructura criminal autodenominada Ej\u00e9rcito Gaitanista de Colombia (EGC), brazo armado del Clan del Golfo. Tambi\u00e9n se hall\u00f3 una hoja de cuaderno con nombres, cargos y supuestos sueldos, lo que podr\u00eda corresponder a una n\u00f3mina interna del grupo.<\/p>\n\n\n\n<p>De acuerdo con fuentes de inteligencia, la capturada habr\u00eda cumplido funciones de almacenamiento de armamento y log\u00edstica, as\u00ed como labores de seguimiento a movimientos de la fuerza p\u00fablica. Adem\u00e1s, se le investiga por su posible participaci\u00f3n en el reclutamiento de menores en la regi\u00f3n.<\/p>\n\n\n\n<figure class=\"wp-block-image size-large\"><img loading=\"lazy\" decoding=\"async\" width=\"1024\" height=\"576\" src=\"https:\/\/cnctulua.tv\/wp-content\/uploads\/2025\/06\/WhatsApp-Image-2025-06-16-at-8.20.49-AM-3-1024x576.jpeg\" alt=\"\" class=\"wp-image-34841\" srcset=\"https:\/\/cnctulua.tv\/wp-content\/uploads\/2025\/06\/WhatsApp-Image-2025-06-16-at-8.20.49-AM-3-1024x576.jpeg 1024w, https:\/\/cnctulua.tv\/wp-content\/uploads\/2025\/06\/WhatsApp-Image-2025-06-16-at-8.20.49-AM-3-300x169.jpeg 300w, https:\/\/cnctulua.tv\/wp-content\/uploads\/2025\/06\/WhatsApp-Image-2025-06-16-at-8.20.49-AM-3-768x432.jpeg 768w, https:\/\/cnctulua.tv\/wp-content\/uploads\/2025\/06\/WhatsApp-Image-2025-06-16-at-8.20.49-AM-3.jpeg 1280w\" sizes=\"auto, (max-width: 1024px) 100vw, 1024px\" \/><\/figure>\n\n\n\n<p>Las viviendas allanadas, seg\u00fan los reportes oficiales, habr\u00edan sido abandonadas previamente por campesinos que, presionados por el control armado en la zona, dejaron sus propiedades ante el riesgo que representa la presencia de actores armados ilegales. Estas infraestructuras habr\u00edan sido posteriormente utilizadas por integrantes del grupo para coordinar operaciones y mantener dominio territorial.<\/p>\n\n\n\n<p>Las autoridades se\u00f1alan que el Clan del Golfo busca afianzar su presencia en el Valle del Cauca para disputar rutas estrat\u00e9gicas de movilidad y narcotr\u00e1fico con el ELN, especialmente en el \u00e1rea conocida como el \u00abCa\u00f1\u00f3n de las Garrapatas\u00bb, un corredor clave en el tr\u00e1fico de insumos para la producci\u00f3n de estupefacientes. Esta disputa ha derivado en un aumento de los homicidios y hechos de violencia en los municipios de Trujillo, Bol\u00edvar y Riofr\u00edo.<\/p>\n\n\n\n<p>La mujer fue puesta a disposici\u00f3n de la Fiscal\u00eda, que le imputar\u00e1 cargos por fabricaci\u00f3n, tr\u00e1fico y porte de armas de fuego, municiones y accesorios de uso privativo de las Fuerzas Militares. Las investigaciones contin\u00faan para determinar el alcance de su participaci\u00f3n dentro del grupo armado.<\/p>\n\n\n\n<figure class=\"wp-block-video\"><\/figure>\n","protected":false},"excerpt":{"rendered":"<p>Una joven de 18 a\u00f1os fue capturada en zona rural del municipio de Trujillo, se\u00f1alada por las autoridades como presunta colaboradora del Clan del Golfo, grupo armado organizado que opera en el suroccidente del pa\u00eds. La detenci\u00f3n se produjo en el marco de un operativo de registro y allanamiento en la vereda Sonora, donde tambi\u00e9n [&hellip;]<\/p>\n","protected":false},"author":3,"featured_media":34840,"comment_status":"open","ping_status":"open","sticky":false,"template":"","format":"video","meta":{"footnotes":""},"categories":[10],"tags":[],"class_list":["post-34839","post","type-post","status-publish","format-video","has-post-thumbnail","hentry","category-cnc-noticias-tulua","post_format-post-format-video"],"_links":{"self":[{"href":"https:\/\/cnctulua.tv\/index.php?rest_route=\/wp\/v2\/posts\/34839","targetHints":{"allow":["GET"]}}],"collection":[{"href":"https:\/\/cnctulua.tv\/index.php?rest_route=\/wp\/v2\/posts"}],"about":[{"href":"https:\/\/cnctulua.tv\/index.php?rest_route=\/wp\/v2\/types\/post"}],"author":[{"embeddable":true,"href":"https:\/\/cnctulua.tv\/index.php?rest_route=\/wp\/v2\/users\/3"}],"replies":[{"embeddable":true,"href":"https:\/\/cnctulua.tv\/index.php?rest_route=%2Fwp%2Fv2%2Fcomments&post=34839"}],"version-history":[{"count":1,"href":"https:\/\/cnctulua.tv\/index.php?rest_route=\/wp\/v2\/posts\/34839\/revisions"}],"predecessor-version":[{"id":34842,"href":"https:\/\/cnctulua.tv\/index.php?rest_route=\/wp\/v2\/posts\/34839\/revisions\/34842"}],"wp:featuredmedia":[{"embeddable":true,"href":"https:\/\/cnctulua.tv\/index.php?rest_route=\/wp\/v2\/media\/34840"}],"wp:attachment":[{"href":"https:\/\/cnctulua.tv\/index.php?rest_route=%2Fwp%2Fv2%2Fmedia&parent=34839"}],"wp:term":[{"taxonomy":"category","embeddable":true,"href":"https:\/\/cnctulua.tv\/index.php?rest_route=%2Fwp%2Fv2%2Fcategories&post=34839"},{"taxonomy":"post_tag","embeddable":true,"href":"https:\/\/cnctulua.tv\/index.php?rest_route=%2Fwp%2Fv2%2Ftags&post=34839"}],"curies":[{"name":"wp","href":"https:\/\/api.w.org\/{rel}","templated":true}]}}