{"id":34973,"date":"2025-06-24T18:57:18","date_gmt":"2025-06-24T18:57:18","guid":{"rendered":"https:\/\/cnctulua.tv\/?p=34973"},"modified":"2025-06-24T18:57:18","modified_gmt":"2025-06-24T18:57:18","slug":"tulua-presento-su-primer-bus-electrico-como-parte-de-un-plan-piloto-de-movilidad-urbana-sostenible","status":"publish","type":"post","link":"https:\/\/cnctulua.tv\/?p=34973","title":{"rendered":"Tulu\u00e1 present\u00f3 su primer bus el\u00e9ctrico como parte de un plan piloto de movilidad urbana sostenible"},"content":{"rendered":"\n<p>En el marco de la Feria de Tulu\u00e1, fue presentado el prototipo del primer bus el\u00e9ctrico que podr\u00eda integrarse al sistema de transporte colectivo urbano del municipio. La propuesta, liderada por la gerencia del Terminal de Transportes, busca ofrecer una alternativa sostenible, eficiente y moderna para la movilidad urbana.<\/p>\n\n\n\n<p>El alcalde de Tulu\u00e1, Gustavo Adolfo V\u00e9lez Rom\u00e1n, explic\u00f3 que el proyecto contempla una ruta circular que conectar\u00e1 puntos clave del municipio como el nuevo terminal, zonas comerciales, instituciones educativas, la Universidad del Valle y el centro de acopio, por donde ingresan pasajeros provenientes de la zona rural y municipios del occidente del Valle.<\/p>\n\n\n\n<figure class=\"wp-block-embed is-type-video is-provider-youtube wp-block-embed-youtube wp-embed-aspect-16-9 wp-has-aspect-ratio\"><div class=\"wp-block-embed__wrapper\">\n<iframe loading=\"lazy\" title=\"Primer bus el\u00e9ctrico en Tulu\u00e1 inicia prueba piloto | Transporte sostenible \ud83d\ude8d\u26a1\" width=\"640\" height=\"360\" src=\"https:\/\/www.youtube.com\/embed\/PGaablykUfo?feature=oembed\" frameborder=\"0\" allow=\"accelerometer; autoplay; clipboard-write; encrypted-media; gyroscope; picture-in-picture; web-share\" referrerpolicy=\"strict-origin-when-cross-origin\" allowfullscreen><\/iframe>\n<\/div><\/figure>\n\n\n\n<p>\u201cEl bus el\u00e9ctrico es una prueba piloto que nos permitir\u00e1 analizar frecuencias, tiempos de recorrido, distancias y necesidades reales de los usuarios. A partir de esta evaluaci\u00f3n se definir\u00e1 la cantidad de buses que podr\u00edan implementarse, y c\u00f3mo se estructurar\u00eda el sistema\u201d, indic\u00f3 el mandatario.<\/p>\n\n\n\n<p>El prototipo, de fabricaci\u00f3n 100% colombiana, tiene un valor cercano a los 280 mil d\u00f3lares (aproximadamente 1.100 millones de pesos). La administraci\u00f3n municipal estima que, para cubrir la demanda de la ruta propuesta, se requerir\u00edan entre 12 y 18 veh\u00edculos similares.<\/p>\n\n\n\n<p>La fase de prueba iniciar\u00e1 una vez el veh\u00edculo sea matriculado oficialmente, lo que se prev\u00e9 ocurra en las pr\u00f3ximas semanas. El piloto se desarrollar\u00e1 durante tres meses, con posibilidad de extensi\u00f3n, y servir\u00e1 como base para identificar fuentes de financiaci\u00f3n, tanto del sector p\u00fablico como privado, que permitan la implementaci\u00f3n a mayor escala.<\/p>\n\n\n\n<p>Respecto al sistema actual de transporte p\u00fablico en Tulu\u00e1, el alcalde reconoci\u00f3 que presenta deficiencias y que requiere una transformaci\u00f3n profunda. \u201cQueremos que el municipio lidere este proceso, apost\u00e1ndole a una soluci\u00f3n moderna y ambientalmente responsable, que responda a las necesidades reales de la ciudadan\u00eda\u201d, concluy\u00f3.<\/p>\n\n\n\n<figure class=\"wp-block-video\"><\/figure>\n","protected":false},"excerpt":{"rendered":"<p>En el marco de la Feria de Tulu\u00e1, fue presentado el prototipo del primer bus el\u00e9ctrico que podr\u00eda integrarse al sistema de transporte colectivo urbano del municipio. La propuesta, liderada por la gerencia del Terminal de Transportes, busca ofrecer una alternativa sostenible, eficiente y moderna para la movilidad urbana. El alcalde de Tulu\u00e1, Gustavo Adolfo [&hellip;]<\/p>\n","protected":false},"author":3,"featured_media":34974,"comment_status":"open","ping_status":"open","sticky":false,"template":"","format":"video","meta":{"footnotes":""},"categories":[1],"tags":[],"class_list":["post-34973","post","type-post","status-publish","format-video","has-post-thumbnail","hentry","category-uncategorized","post_format-post-format-video"],"_links":{"self":[{"href":"https:\/\/cnctulua.tv\/index.php?rest_route=\/wp\/v2\/posts\/34973","targetHints":{"allow":["GET"]}}],"collection":[{"href":"https:\/\/cnctulua.tv\/index.php?rest_route=\/wp\/v2\/posts"}],"about":[{"href":"https:\/\/cnctulua.tv\/index.php?rest_route=\/wp\/v2\/types\/post"}],"author":[{"embeddable":true,"href":"https:\/\/cnctulua.tv\/index.php?rest_route=\/wp\/v2\/users\/3"}],"replies":[{"embeddable":true,"href":"https:\/\/cnctulua.tv\/index.php?rest_route=%2Fwp%2Fv2%2Fcomments&post=34973"}],"version-history":[{"count":1,"href":"https:\/\/cnctulua.tv\/index.php?rest_route=\/wp\/v2\/posts\/34973\/revisions"}],"predecessor-version":[{"id":34975,"href":"https:\/\/cnctulua.tv\/index.php?rest_route=\/wp\/v2\/posts\/34973\/revisions\/34975"}],"wp:featuredmedia":[{"embeddable":true,"href":"https:\/\/cnctulua.tv\/index.php?rest_route=\/wp\/v2\/media\/34974"}],"wp:attachment":[{"href":"https:\/\/cnctulua.tv\/index.php?rest_route=%2Fwp%2Fv2%2Fmedia&parent=34973"}],"wp:term":[{"taxonomy":"category","embeddable":true,"href":"https:\/\/cnctulua.tv\/index.php?rest_route=%2Fwp%2Fv2%2Fcategories&post=34973"},{"taxonomy":"post_tag","embeddable":true,"href":"https:\/\/cnctulua.tv\/index.php?rest_route=%2Fwp%2Fv2%2Ftags&post=34973"}],"curies":[{"name":"wp","href":"https:\/\/api.w.org\/{rel}","templated":true}]}}