{"id":35099,"date":"2025-06-27T20:44:34","date_gmt":"2025-06-27T20:44:34","guid":{"rendered":"https:\/\/cnctulua.tv\/?p=35099"},"modified":"2025-06-27T20:44:34","modified_gmt":"2025-06-27T20:44:34","slug":"cae-estructura-criminal-los-palu-en-cali-instrumentalizaban-menores-y-habitantes-de-calle-para-el-microtrafico","status":"publish","type":"post","link":"https:\/\/cnctulua.tv\/?p=35099","title":{"rendered":"Cae estructura criminal \u2018Los Pal\u00fa\u2019 en Cali: instrumentalizaban menores y habitantes de calle para el microtr\u00e1fico"},"content":{"rendered":"\n<p>En una contundente ofensiva contra el crimen organizado, la Polic\u00eda Nacional logr\u00f3 la captura de 10 integrantes de la estructura criminal conocida como \u2018Los Pal\u00fa\u2019, banda que operaba en la Comuna 12 de Cali y que se val\u00eda de menores de edad y personas en situaci\u00f3n de calle para el expendio y transporte de estupefacientes.<\/p>\n\n\n\n<p>La operaci\u00f3n, desarrollada mediante siete diligencias de allanamiento simult\u00e1neo, permiti\u00f3 la detenci\u00f3n de seis hombres y cuatro mujeres, entre ellos alias \u2018Cheo\u2019, considerado el cabecilla de la organizaci\u00f3n. Seg\u00fan las autoridades, este hombre hab\u00eda dise\u00f1ado una sofisticada red de vigilancia y distribuci\u00f3n, segmentada por puntos cardinales, para asegurar el control territorial y el movimiento encubierto de drogas.<\/p>\n\n\n\n<figure class=\"wp-block-embed is-type-video is-provider-youtube wp-block-embed-youtube wp-embed-aspect-16-9 wp-has-aspect-ratio\"><div class=\"wp-block-embed__wrapper\">\n<iframe loading=\"lazy\" title=\"Capturan a \u2018Los Pal\u00fa\u2019: usaban menores para vender droga en Cali \ud83d\udea8\" width=\"640\" height=\"360\" src=\"https:\/\/www.youtube.com\/embed\/G1KJ9hq9Enk?feature=oembed\" frameborder=\"0\" allow=\"accelerometer; autoplay; clipboard-write; encrypted-media; gyroscope; picture-in-picture; web-share\" referrerpolicy=\"strict-origin-when-cross-origin\" allowfullscreen><\/iframe>\n<\/div><\/figure>\n\n\n\n<p>Uno de los focos principales de las actividades delictivas era el barrio El Rodeo, donde se estima que la banda distribu\u00eda alrededor de 3.200 dosis semanales, generando ingresos ilegales que superaban los 400 millones de pesos mensuales. Entre los m\u00e1s afectados se encontraban feligreses de un centro religioso y estudiantes de un establecimiento educativo cercano, que ve\u00edan alterada su cotidianidad por la constante presencia de expendedores y consumidores.<\/p>\n\n\n\n<p>Dentro de los capturados figuran una madre y su hija en estado de gestaci\u00f3n, ambas dedicadas a la venta callejera de estupefacientes, as\u00ed como alias \u2018La India\u2019, reincidente en el tr\u00e1fico de drogas tras haber purgado una condena de cuatro a\u00f1os en prisi\u00f3n.<\/p>\n\n\n\n<p>Alias \u2018Cheo\u2019 presenta antecedentes por porte ilegal de armas de fuego, extorsi\u00f3n y tr\u00e1fico de estupefacientes. Todos los capturados fueron puestos a disposici\u00f3n de la Fiscal\u00eda General de la Naci\u00f3n y un juez de control de garant\u00edas les impuso medida de aseguramiento intramural.<\/p>\n\n\n\n<p>La Polic\u00eda Nacional hizo un llamado a la ciudadan\u00eda para que contin\u00fae colaborando con las autoridades en la lucha contra el microtr\u00e1fico y otras expresiones delictivas. Las personas que deseen aportar informaci\u00f3n pueden comunicarse a la l\u00ednea contra el crimen 321 394 5156, la l\u00ednea de emergencia 123 o al 156 de la Red de Cooperantes, con garant\u00eda de absoluta reserva.<\/p>\n\n\n\n<p>Con este golpe, las autoridades esperan devolver la tranquilidad a los habitantes de la Comuna 12 y reafirmar el compromiso institucional con la seguridad ciudadana.<\/p>\n\n\n\n<figure class=\"wp-block-video\"><\/figure>\n","protected":false},"excerpt":{"rendered":"<p>En una contundente ofensiva contra el crimen organizado, la Polic\u00eda Nacional logr\u00f3 la captura de 10 integrantes de la estructura criminal conocida como \u2018Los Pal\u00fa\u2019, banda que operaba en la Comuna 12 de Cali y que se val\u00eda de menores de edad y personas en situaci\u00f3n de calle para el expendio y transporte de estupefacientes. [&hellip;]<\/p>\n","protected":false},"author":3,"featured_media":35100,"comment_status":"open","ping_status":"open","sticky":false,"template":"","format":"video","meta":{"footnotes":""},"categories":[10],"tags":[],"class_list":["post-35099","post","type-post","status-publish","format-video","has-post-thumbnail","hentry","category-cnc-noticias-tulua","post_format-post-format-video"],"_links":{"self":[{"href":"https:\/\/cnctulua.tv\/index.php?rest_route=\/wp\/v2\/posts\/35099","targetHints":{"allow":["GET"]}}],"collection":[{"href":"https:\/\/cnctulua.tv\/index.php?rest_route=\/wp\/v2\/posts"}],"about":[{"href":"https:\/\/cnctulua.tv\/index.php?rest_route=\/wp\/v2\/types\/post"}],"author":[{"embeddable":true,"href":"https:\/\/cnctulua.tv\/index.php?rest_route=\/wp\/v2\/users\/3"}],"replies":[{"embeddable":true,"href":"https:\/\/cnctulua.tv\/index.php?rest_route=%2Fwp%2Fv2%2Fcomments&post=35099"}],"version-history":[{"count":1,"href":"https:\/\/cnctulua.tv\/index.php?rest_route=\/wp\/v2\/posts\/35099\/revisions"}],"predecessor-version":[{"id":35101,"href":"https:\/\/cnctulua.tv\/index.php?rest_route=\/wp\/v2\/posts\/35099\/revisions\/35101"}],"wp:featuredmedia":[{"embeddable":true,"href":"https:\/\/cnctulua.tv\/index.php?rest_route=\/wp\/v2\/media\/35100"}],"wp:attachment":[{"href":"https:\/\/cnctulua.tv\/index.php?rest_route=%2Fwp%2Fv2%2Fmedia&parent=35099"}],"wp:term":[{"taxonomy":"category","embeddable":true,"href":"https:\/\/cnctulua.tv\/index.php?rest_route=%2Fwp%2Fv2%2Fcategories&post=35099"},{"taxonomy":"post_tag","embeddable":true,"href":"https:\/\/cnctulua.tv\/index.php?rest_route=%2Fwp%2Fv2%2Ftags&post=35099"}],"curies":[{"name":"wp","href":"https:\/\/api.w.org\/{rel}","templated":true}]}}