{"id":35156,"date":"2025-07-01T20:27:56","date_gmt":"2025-07-01T20:27:56","guid":{"rendered":"https:\/\/cnctulua.tv\/?p=35156"},"modified":"2025-07-01T20:27:56","modified_gmt":"2025-07-01T20:27:56","slug":"controversia-en-bugalagrande-por-intervencion-en-el-parque-de-bolivar-ordenan-desmonte-de-casetas","status":"publish","type":"post","link":"https:\/\/cnctulua.tv\/?p=35156","title":{"rendered":"Controversia en Bugalagrande por intervenci\u00f3n en el Parque de Bol\u00edvar: ordenan desmonte de casetas"},"content":{"rendered":"\n<p>La intervenci\u00f3n realizada en el Parque de Bol\u00edvar ha generado controversia entre la comunidad local y autoridades, debido a supuestas irregularidades y la amenaza al valor patrimonial del sitio hist\u00f3rico. Habitantes y defensores del patrimonio cultural del municipio han expresado su rechazo a las modificaciones, que consideran atentatorias contra la identidad local.<\/p>\n\n\n\n<p>Germ\u00e1n Escobar Ber\u00f3n, habitante de Bugalagrande y vocero del movimiento ciudadano en defensa del patrimonio biocultural, se\u00f1al\u00f3 que \u201cel parque de Bol\u00edvar viene protegido desde el a\u00f1o 2000, por el Acuerdo 036 del Consejo Municipal, como patrimonio arquitect\u00f3nico urbano, hist\u00f3rico, cultural y ambiental.\u201d Escobar explic\u00f3 que, seg\u00fan la ley nacional de Cultura, \u201ctodo lo declarado en los planes de ordenamiento territorial pasa a ser Bien de Inter\u00e9s Cultural, y el parque est\u00e1 protegido bajo esta figura a nivel municipal\u201d.<\/p>\n\n\n\n<figure class=\"wp-block-embed is-type-video is-provider-youtube wp-block-embed-youtube wp-embed-aspect-16-9 wp-has-aspect-ratio\"><div class=\"wp-block-embed__wrapper\">\n<iframe loading=\"lazy\" title=\"\u00bfCambio o conservaci\u00f3n? El dilema del Parque de Bol\u00edvar en Bugalagrande\" width=\"640\" height=\"360\" src=\"https:\/\/www.youtube.com\/embed\/Ubahuepa0rY?feature=oembed\" frameborder=\"0\" allow=\"accelerometer; autoplay; clipboard-write; encrypted-media; gyroscope; picture-in-picture; web-share\" referrerpolicy=\"strict-origin-when-cross-origin\" allowfullscreen><\/iframe>\n<\/div><\/figure>\n\n\n\n<p>El l\u00edder comunitario a\u00f1adi\u00f3 que \u201clo que han hecho aqu\u00ed es violar el esquema de ordenamiento territorial del municipio, que es ley para todos y debe ser respetado por las administraciones.\u201d La preocupaci\u00f3n radica en que la modernizaci\u00f3n propuesta, que incluye la construcci\u00f3n de casetas comerciales, \u201cuniformiza los parques y destruye la identidad \u00fanica que cada uno posee, adem\u00e1s de privatizar y mercantilizar un espacio p\u00fablico.\u201d<\/p>\n\n\n\n<p>La situaci\u00f3n se agrav\u00f3 al conocer que \u201clas casetas ahora deben pagar servicios y arriendo, algo imposible para muchos vendedores que tradicionalmente ocupaban un espacio temporal y pasajero, mientras el parque quedaba abierto para toda la comunidad.\u201d Escobar expres\u00f3 que \u201cno estamos en contra de los vendedores, pero s\u00ed de la privatizaci\u00f3n del parque, que es patrimonio de todos los bugalagrande\u00f1os.\u201d<\/p>\n\n\n\n<p>El movimiento ciudadano insiste en la necesidad de que \u201cse cree un comit\u00e9 para la elaboraci\u00f3n de un plan especial de manejo del patrimonio del parque, que permita una participaci\u00f3n real y una discusi\u00f3n honesta sobre el futuro de este espacio.\u201d La comunidad tambi\u00e9n denunci\u00f3 que las autoridades locales no han atendido sus peticiones de di\u00e1logo, lo que ha generado tensiones y reclamos legales.<\/p>\n\n\n\n<p>Por \u00faltimo, Escobar subray\u00f3 que \u201clo que queremos es justicia ambiental, que se respeten las leyes y normas, y que el desarrollo en Bugalagrande sea incluyente y sostenible, pensando en la identidad y el bienestar de todos sus habitantes.\u201d<\/p>\n\n\n\n<figure class=\"wp-block-video\"><\/figure>\n","protected":false},"excerpt":{"rendered":"<p>La intervenci\u00f3n realizada en el Parque de Bol\u00edvar ha generado controversia entre la comunidad local y autoridades, debido a supuestas irregularidades y la amenaza al valor patrimonial del sitio hist\u00f3rico. Habitantes y defensores del patrimonio cultural del municipio han expresado su rechazo a las modificaciones, que consideran atentatorias contra la identidad local. Germ\u00e1n Escobar Ber\u00f3n, [&hellip;]<\/p>\n","protected":false},"author":3,"featured_media":35157,"comment_status":"open","ping_status":"open","sticky":false,"template":"","format":"video","meta":{"footnotes":""},"categories":[10],"tags":[],"class_list":["post-35156","post","type-post","status-publish","format-video","has-post-thumbnail","hentry","category-cnc-noticias-tulua","post_format-post-format-video"],"_links":{"self":[{"href":"https:\/\/cnctulua.tv\/index.php?rest_route=\/wp\/v2\/posts\/35156","targetHints":{"allow":["GET"]}}],"collection":[{"href":"https:\/\/cnctulua.tv\/index.php?rest_route=\/wp\/v2\/posts"}],"about":[{"href":"https:\/\/cnctulua.tv\/index.php?rest_route=\/wp\/v2\/types\/post"}],"author":[{"embeddable":true,"href":"https:\/\/cnctulua.tv\/index.php?rest_route=\/wp\/v2\/users\/3"}],"replies":[{"embeddable":true,"href":"https:\/\/cnctulua.tv\/index.php?rest_route=%2Fwp%2Fv2%2Fcomments&post=35156"}],"version-history":[{"count":1,"href":"https:\/\/cnctulua.tv\/index.php?rest_route=\/wp\/v2\/posts\/35156\/revisions"}],"predecessor-version":[{"id":35158,"href":"https:\/\/cnctulua.tv\/index.php?rest_route=\/wp\/v2\/posts\/35156\/revisions\/35158"}],"wp:featuredmedia":[{"embeddable":true,"href":"https:\/\/cnctulua.tv\/index.php?rest_route=\/wp\/v2\/media\/35157"}],"wp:attachment":[{"href":"https:\/\/cnctulua.tv\/index.php?rest_route=%2Fwp%2Fv2%2Fmedia&parent=35156"}],"wp:term":[{"taxonomy":"category","embeddable":true,"href":"https:\/\/cnctulua.tv\/index.php?rest_route=%2Fwp%2Fv2%2Fcategories&post=35156"},{"taxonomy":"post_tag","embeddable":true,"href":"https:\/\/cnctulua.tv\/index.php?rest_route=%2Fwp%2Fv2%2Ftags&post=35156"}],"curies":[{"name":"wp","href":"https:\/\/api.w.org\/{rel}","templated":true}]}}