{"id":35159,"date":"2025-07-01T20:29:05","date_gmt":"2025-07-01T20:29:05","guid":{"rendered":"https:\/\/cnctulua.tv\/?p=35159"},"modified":"2025-07-01T20:29:05","modified_gmt":"2025-07-01T20:29:05","slug":"tension-en-el-parque-de-bolivar-vendedores-informales-enfrentan-nuevos-retos-por-cobro-de-arriendo-y-servicios","status":"publish","type":"post","link":"https:\/\/cnctulua.tv\/?p=35159","title":{"rendered":"Tensi\u00f3n en el Parque de Bol\u00edvar: vendedores informales enfrentan nuevos retos por cobro de arriendo y servicios"},"content":{"rendered":"\n<p>Bugalagrande. La situaci\u00f3n de los vendedores informales en el Parque de Bol\u00edvar ha generado inquietud en la comunidad, especialmente tras la implementaci\u00f3n de nuevas medidas que exigen el pago de arriendo y servicios p\u00fablicos por el uso del espacio. Entre ellos, Fabiola M\u00e1rquez Guevara, quien lleva casi tres d\u00e9cadas vendiendo cholados, expone las dificultades que esta realidad representa para su sustento.<\/p>\n\n\n\n<p>\u201cLlevo 28 a\u00f1os trabajando aqu\u00ed y ahora me dicen que debo pagar arriendo, cuando ya soy pr\u00e1cticamente parte del parque\u201d, afirm\u00f3 Fabiola, destacando la carga econ\u00f3mica que esto implica para ella y sus compa\u00f1eros. Sobre los costos adicionales, agreg\u00f3: \u201cNos toca pagar aseo, alumbrado p\u00fablico, son como 125 mil pesos mensuales, pero muchos no venden lo suficiente para cubrir esos gastos\u201d.<\/p>\n\n\n\n<figure class=\"wp-block-embed is-type-video is-provider-youtube wp-block-embed-youtube wp-embed-aspect-16-9 wp-has-aspect-ratio\"><div class=\"wp-block-embed__wrapper\">\n<iframe loading=\"lazy\" title=\"Bugalagrande: \u00bfQu\u00e9 pasa con los vendedores del Parque de Bol\u00edvar? \ud83c\udfa5\ud83d\uded2\" width=\"640\" height=\"360\" src=\"https:\/\/www.youtube.com\/embed\/EysChetIfgs?feature=oembed\" frameborder=\"0\" allow=\"accelerometer; autoplay; clipboard-write; encrypted-media; gyroscope; picture-in-picture; web-share\" referrerpolicy=\"strict-origin-when-cross-origin\" allowfullscreen><\/iframe>\n<\/div><\/figure>\n\n\n\n<p>La incertidumbre tambi\u00e9n crece ante la orden judicial que obliga a desmontar las casetas instaladas en el parque. \u201cNo sabemos si nos van a devolver los puestos donde est\u00e1bamos, pero muchos han tenido que vender sus carritos o desarmarlos porque no caben en los nuevos espacios\u201d, explic\u00f3 la vendedora, quien a\u00f1adi\u00f3 que tuvo que \u201cdesbaratar el carro para meter una plancha, y comprar uno nuevo cuesta cerca de cinco millones de pesos\u201d.<\/p>\n\n\n\n<p>Esta situaci\u00f3n evidencia la tensi\u00f3n entre las pol\u00edticas p\u00fablicas para ordenar el espacio p\u00fablico y la realidad econ\u00f3mica de quienes dependen de este para vivir. Mientras tanto, la comunidad espera soluciones que equilibren la preservaci\u00f3n del patrimonio cultural y ambiental con el derecho al trabajo y la inclusi\u00f3n social.<\/p>\n\n\n\n<figure class=\"wp-block-video\"><\/figure>\n","protected":false},"excerpt":{"rendered":"<p>Bugalagrande. La situaci\u00f3n de los vendedores informales en el Parque de Bol\u00edvar ha generado inquietud en la comunidad, especialmente tras la implementaci\u00f3n de nuevas medidas que exigen el pago de arriendo y servicios p\u00fablicos por el uso del espacio. Entre ellos, Fabiola M\u00e1rquez Guevara, quien lleva casi tres d\u00e9cadas vendiendo cholados, expone las dificultades que [&hellip;]<\/p>\n","protected":false},"author":3,"featured_media":35160,"comment_status":"open","ping_status":"open","sticky":false,"template":"","format":"video","meta":{"footnotes":""},"categories":[10],"tags":[],"class_list":["post-35159","post","type-post","status-publish","format-video","has-post-thumbnail","hentry","category-cnc-noticias-tulua","post_format-post-format-video"],"_links":{"self":[{"href":"https:\/\/cnctulua.tv\/index.php?rest_route=\/wp\/v2\/posts\/35159","targetHints":{"allow":["GET"]}}],"collection":[{"href":"https:\/\/cnctulua.tv\/index.php?rest_route=\/wp\/v2\/posts"}],"about":[{"href":"https:\/\/cnctulua.tv\/index.php?rest_route=\/wp\/v2\/types\/post"}],"author":[{"embeddable":true,"href":"https:\/\/cnctulua.tv\/index.php?rest_route=\/wp\/v2\/users\/3"}],"replies":[{"embeddable":true,"href":"https:\/\/cnctulua.tv\/index.php?rest_route=%2Fwp%2Fv2%2Fcomments&post=35159"}],"version-history":[{"count":1,"href":"https:\/\/cnctulua.tv\/index.php?rest_route=\/wp\/v2\/posts\/35159\/revisions"}],"predecessor-version":[{"id":35161,"href":"https:\/\/cnctulua.tv\/index.php?rest_route=\/wp\/v2\/posts\/35159\/revisions\/35161"}],"wp:featuredmedia":[{"embeddable":true,"href":"https:\/\/cnctulua.tv\/index.php?rest_route=\/wp\/v2\/media\/35160"}],"wp:attachment":[{"href":"https:\/\/cnctulua.tv\/index.php?rest_route=%2Fwp%2Fv2%2Fmedia&parent=35159"}],"wp:term":[{"taxonomy":"category","embeddable":true,"href":"https:\/\/cnctulua.tv\/index.php?rest_route=%2Fwp%2Fv2%2Fcategories&post=35159"},{"taxonomy":"post_tag","embeddable":true,"href":"https:\/\/cnctulua.tv\/index.php?rest_route=%2Fwp%2Fv2%2Ftags&post=35159"}],"curies":[{"name":"wp","href":"https:\/\/api.w.org\/{rel}","templated":true}]}}