{"id":35162,"date":"2025-07-01T20:32:29","date_gmt":"2025-07-01T20:32:29","guid":{"rendered":"https:\/\/cnctulua.tv\/?p=35162"},"modified":"2025-07-01T20:32:29","modified_gmt":"2025-07-01T20:32:29","slug":"mercado-campesino-en-andalucia-reunio-a-productores-rurales-de-la-region-centro-del-valle-por-medio-de-valle-agro","status":"publish","type":"post","link":"https:\/\/cnctulua.tv\/?p=35162","title":{"rendered":"Mercado campesino en Andaluc\u00eda reuni\u00f3 a productores rurales de la regi\u00f3n centro del Valle por medio de Valle Agro"},"content":{"rendered":"\n<p>En una jornada que fortaleci\u00f3 el v\u00ednculo entre el campo y la ciudad, el municipio de Andaluc\u00eda fue escenario de un nuevo mercado campesino el pasado domingo, iniciativa que reuni\u00f3 a productores rurales, emprendedores, artesanos y comerciantes de la zona centro del departamento.<\/p>\n\n\n\n<p>La actividad, realizada en el marco del proyecto Valle Agro, hizo parte de una estrategia regional para visibilizar y apoyar el trabajo de las organizaciones rurales. Seg\u00fan Andr\u00e9s Taba, vocero del proyecto, \u201ceste es uno de los ocho mercados campesinos liderados por la Secretar\u00eda de Desarrollo, Agricultura y Pesca del departamento\u201d.<\/p>\n\n\n\n<figure class=\"wp-block-embed is-type-video is-provider-youtube wp-block-embed-youtube wp-embed-aspect-16-9 wp-has-aspect-ratio\"><div class=\"wp-block-embed__wrapper\">\n<iframe loading=\"lazy\" title=\"As\u00ed se vivi\u00f3 el mercado campesino en Andaluc\u00eda, por medio de Valle Agro \ud83c\udf3e\ud83c\udfa5\" width=\"640\" height=\"360\" src=\"https:\/\/www.youtube.com\/embed\/AzcTK1Etv_o?feature=oembed\" frameborder=\"0\" allow=\"accelerometer; autoplay; clipboard-write; encrypted-media; gyroscope; picture-in-picture; web-share\" referrerpolicy=\"strict-origin-when-cross-origin\" allowfullscreen><\/iframe>\n<\/div><\/figure>\n\n\n\n<p>Durante el evento, los asistentes pudieron acceder a una amplia oferta de productos locales que incluyeron frutas, verduras, alimentos procesados, artesan\u00edas y flores. \u201cTenemos hoy tres grandes l\u00edneas: una principal con nuestros campesinos de Andaluc\u00eda y sus alrededores, otra con artesan\u00edas y flores, y una tercera dedicada a los alimentos\u201d, explic\u00f3 Taba.<\/p>\n\n\n\n<p>La comunidad respondi\u00f3 de manera positiva. Desde tempranas horas, la plaza se vio colmada de visitantes interesados en apoyar a los productores. \u201cEn las primeras dos horas, muchos de nuestros agricultores lograron vender toda su producci\u00f3n\u201d, asegur\u00f3 el vocero del proyecto.<\/p>\n\n\n\n<p>La iniciativa tambi\u00e9n cont\u00f3 con la participaci\u00f3n de productores de municipios vecinos como Tulu\u00e1, Trujillo, La Uni\u00f3n y Versalles. \u201cHa sido una articulaci\u00f3n muy positiva con la Secretar\u00eda de Desarrollo Rural y Econ\u00f3mico de Andaluc\u00eda. Hemos logrado integrar organizaciones del proyecto con actores locales y el mercado tradicional del municipio\u201d, agreg\u00f3.<\/p>\n\n\n\n<p>Se espera que en julio se realicen dos mercados m\u00e1s en otras zonas del departamento, incluido uno en la ciudad de Cali. La intenci\u00f3n, seg\u00fan los organizadores, es fortalecer los lazos comerciales directos entre consumidores y peque\u00f1os productores rurales. \u201cEl llamado es a seguir apoyando estas iniciativas que no solo dinamizan la econom\u00eda local, sino que tambi\u00e9n rescatan el valor del campo y de quienes lo trabajan\u201d, concluy\u00f3 Taba.<\/p>\n\n\n\n<figure class=\"wp-block-video\"><\/figure>\n","protected":false},"excerpt":{"rendered":"<p>En una jornada que fortaleci\u00f3 el v\u00ednculo entre el campo y la ciudad, el municipio de Andaluc\u00eda fue escenario de un nuevo mercado campesino el pasado domingo, iniciativa que reuni\u00f3 a productores rurales, emprendedores, artesanos y comerciantes de la zona centro del departamento. La actividad, realizada en el marco del proyecto Valle Agro, hizo parte [&hellip;]<\/p>\n","protected":false},"author":3,"featured_media":35163,"comment_status":"open","ping_status":"open","sticky":false,"template":"","format":"video","meta":{"footnotes":""},"categories":[10],"tags":[],"class_list":["post-35162","post","type-post","status-publish","format-video","has-post-thumbnail","hentry","category-cnc-noticias-tulua","post_format-post-format-video"],"_links":{"self":[{"href":"https:\/\/cnctulua.tv\/index.php?rest_route=\/wp\/v2\/posts\/35162","targetHints":{"allow":["GET"]}}],"collection":[{"href":"https:\/\/cnctulua.tv\/index.php?rest_route=\/wp\/v2\/posts"}],"about":[{"href":"https:\/\/cnctulua.tv\/index.php?rest_route=\/wp\/v2\/types\/post"}],"author":[{"embeddable":true,"href":"https:\/\/cnctulua.tv\/index.php?rest_route=\/wp\/v2\/users\/3"}],"replies":[{"embeddable":true,"href":"https:\/\/cnctulua.tv\/index.php?rest_route=%2Fwp%2Fv2%2Fcomments&post=35162"}],"version-history":[{"count":1,"href":"https:\/\/cnctulua.tv\/index.php?rest_route=\/wp\/v2\/posts\/35162\/revisions"}],"predecessor-version":[{"id":35164,"href":"https:\/\/cnctulua.tv\/index.php?rest_route=\/wp\/v2\/posts\/35162\/revisions\/35164"}],"wp:featuredmedia":[{"embeddable":true,"href":"https:\/\/cnctulua.tv\/index.php?rest_route=\/wp\/v2\/media\/35163"}],"wp:attachment":[{"href":"https:\/\/cnctulua.tv\/index.php?rest_route=%2Fwp%2Fv2%2Fmedia&parent=35162"}],"wp:term":[{"taxonomy":"category","embeddable":true,"href":"https:\/\/cnctulua.tv\/index.php?rest_route=%2Fwp%2Fv2%2Fcategories&post=35162"},{"taxonomy":"post_tag","embeddable":true,"href":"https:\/\/cnctulua.tv\/index.php?rest_route=%2Fwp%2Fv2%2Ftags&post=35162"}],"curies":[{"name":"wp","href":"https:\/\/api.w.org\/{rel}","templated":true}]}}