{"id":35165,"date":"2025-07-01T20:34:53","date_gmt":"2025-07-01T20:34:53","guid":{"rendered":"https:\/\/cnctulua.tv\/?p=35165"},"modified":"2025-07-01T20:34:53","modified_gmt":"2025-07-01T20:34:53","slug":"productores-campesinos-de-andalucia-resaltan-importancia-del-mercado-rural-para-fortalecer-la-economia-local","status":"publish","type":"post","link":"https:\/\/cnctulua.tv\/?p=35165","title":{"rendered":"Productores campesinos de Andaluc\u00eda resaltan importancia del mercado rural para fortalecer la econom\u00eda local"},"content":{"rendered":"\n<p>El pasado domingo, en el municipio de Andaluc\u00eda, se llev\u00f3 a cabo una nueva edici\u00f3n del mercado campesino, un espacio que reuni\u00f3 a peque\u00f1os productores, emprendedores rurales y comerciantes de la zona centro del departamento del Valle del Cauca. Esta iniciativa, enmarcada dentro del proyecto Valle Agro liderado por la Secretar\u00eda de Desarrollo, Agricultura y Pesca, busca articular y fortalecer las cadenas productivas locales, adem\u00e1s de promover la venta directa de productos agr\u00edcolas y artesanales.<\/p>\n\n\n\n<p>Durante la jornada, los productores expresaron su satisfacci\u00f3n por la acogida de la comunidad y la oportunidad que representa para mostrar la calidad y diversidad de sus cultivos. Olga Mar\u00eda Ospina Cruz, vendedora del mercado, destac\u00f3 que \u201ceste producto es aqu\u00ed, es del pueblo. Este tipo de actividades es muy bueno y quiero que se repita\u201d, subrayando la importancia de mantener estos espacios que acercan al consumidor con el campo.<\/p>\n\n\n\n<figure class=\"wp-block-embed is-type-video is-provider-youtube wp-block-embed-youtube wp-embed-aspect-16-9 wp-has-aspect-ratio\"><div class=\"wp-block-embed__wrapper\">\n<iframe loading=\"lazy\" title=\"Valle Agro realiz\u00f3 Mercado Campesino para fortalecer a productores de Andaluc\u00eda\" width=\"640\" height=\"360\" src=\"https:\/\/www.youtube.com\/embed\/6VqLBidy3A4?feature=oembed\" frameborder=\"0\" allow=\"accelerometer; autoplay; clipboard-write; encrypted-media; gyroscope; picture-in-picture; web-share\" referrerpolicy=\"strict-origin-when-cross-origin\" allowfullscreen><\/iframe>\n<\/div><\/figure>\n\n\n\n<p>Por su parte, Liliana G\u00f3mez Zapata, quien ofrece chocolate natural, enfatiz\u00f3 que el mercado campesino \u201cle da la oportunidad al campesino de poder emprender, capacitarse y ayudarse econ\u00f3micamente\u201d, haciendo un llamado a la ciudadan\u00eda para apoyar a los agricultores que d\u00eda a d\u00eda trabajan por mantener viva la econom\u00eda rural.<\/p>\n\n\n\n<p>Luz Alba Aguirre Aguirre, productora proveniente de Trujillo, resalt\u00f3 que la experiencia ha sido \u201cmuy buena porque traemos nuestros productos directamente de la finca para ofrecerlos a la comunidad de Andaluc\u00eda\u201d. Tambi\u00e9n destac\u00f3 que sus cultivos son org\u00e1nicos y que el mercado sirve como una plataforma para dar a conocer la calidad de sus productos, lo que contribuye a fortalecer la producci\u00f3n local y fomentar el desarrollo sostenible.<\/p>\n\n\n\n<p>El mercado campesino en Andaluc\u00eda se consolida como un espacio clave para promover el comercio justo y el fortalecimiento de la econom\u00eda rural, adem\u00e1s de incentivar la integraci\u00f3n entre productores y consumidores en un ambiente de colaboraci\u00f3n y respeto por la cultura agr\u00edcola regional.<\/p>\n\n\n\n<figure class=\"wp-block-video\"><\/figure>\n","protected":false},"excerpt":{"rendered":"<p>El pasado domingo, en el municipio de Andaluc\u00eda, se llev\u00f3 a cabo una nueva edici\u00f3n del mercado campesino, un espacio que reuni\u00f3 a peque\u00f1os productores, emprendedores rurales y comerciantes de la zona centro del departamento del Valle del Cauca. Esta iniciativa, enmarcada dentro del proyecto Valle Agro liderado por la Secretar\u00eda de Desarrollo, Agricultura y [&hellip;]<\/p>\n","protected":false},"author":3,"featured_media":35166,"comment_status":"open","ping_status":"open","sticky":false,"template":"","format":"video","meta":{"footnotes":""},"categories":[10],"tags":[],"class_list":["post-35165","post","type-post","status-publish","format-video","has-post-thumbnail","hentry","category-cnc-noticias-tulua","post_format-post-format-video"],"_links":{"self":[{"href":"https:\/\/cnctulua.tv\/index.php?rest_route=\/wp\/v2\/posts\/35165","targetHints":{"allow":["GET"]}}],"collection":[{"href":"https:\/\/cnctulua.tv\/index.php?rest_route=\/wp\/v2\/posts"}],"about":[{"href":"https:\/\/cnctulua.tv\/index.php?rest_route=\/wp\/v2\/types\/post"}],"author":[{"embeddable":true,"href":"https:\/\/cnctulua.tv\/index.php?rest_route=\/wp\/v2\/users\/3"}],"replies":[{"embeddable":true,"href":"https:\/\/cnctulua.tv\/index.php?rest_route=%2Fwp%2Fv2%2Fcomments&post=35165"}],"version-history":[{"count":1,"href":"https:\/\/cnctulua.tv\/index.php?rest_route=\/wp\/v2\/posts\/35165\/revisions"}],"predecessor-version":[{"id":35167,"href":"https:\/\/cnctulua.tv\/index.php?rest_route=\/wp\/v2\/posts\/35165\/revisions\/35167"}],"wp:featuredmedia":[{"embeddable":true,"href":"https:\/\/cnctulua.tv\/index.php?rest_route=\/wp\/v2\/media\/35166"}],"wp:attachment":[{"href":"https:\/\/cnctulua.tv\/index.php?rest_route=%2Fwp%2Fv2%2Fmedia&parent=35165"}],"wp:term":[{"taxonomy":"category","embeddable":true,"href":"https:\/\/cnctulua.tv\/index.php?rest_route=%2Fwp%2Fv2%2Fcategories&post=35165"},{"taxonomy":"post_tag","embeddable":true,"href":"https:\/\/cnctulua.tv\/index.php?rest_route=%2Fwp%2Fv2%2Ftags&post=35165"}],"curies":[{"name":"wp","href":"https:\/\/api.w.org\/{rel}","templated":true}]}}