{"id":35176,"date":"2025-07-01T20:54:39","date_gmt":"2025-07-01T20:54:39","guid":{"rendered":"https:\/\/cnctulua.tv\/?p=35176"},"modified":"2025-07-01T20:54:39","modified_gmt":"2025-07-01T20:54:39","slug":"la-armada-nacional-abre-convocatoria-para-jovenes-del-valle-del-cauca-interesados-en-prestar-servicio-militar","status":"publish","type":"post","link":"https:\/\/cnctulua.tv\/?p=35176","title":{"rendered":"La Armada Nacional abre convocatoria para j\u00f3venes del Valle del Cauca interesados en prestar servicio militar"},"content":{"rendered":"\n<p>La Armada Nacional invita a los j\u00f3venes del Valle del Cauca que a\u00fan no han definido su situaci\u00f3n militar a incorporarse al servicio en sus diferentes unidades. La convocatoria est\u00e1 dirigida a hombres entre 18 a\u00f1os cumplidos y 23 a\u00f1os con 11 meses, quienes podr\u00e1n acceder a una formaci\u00f3n profesional y a beneficios econ\u00f3micos y educativos que ofrece la instituci\u00f3n.<\/p>\n\n\n\n<p>El Suboficial Segundo Humberto Velasco, representante del distrito n\u00famero 6 de Cali, inform\u00f3 que los aspirantes deben cumplir con los requisitos de edad, no tener antecedentes judiciales, penales ni disciplinarios, y superar los ex\u00e1menes m\u00e9dicos, psicol\u00f3gicos, f\u00edsicos y odontol\u00f3gicos, los cuales son gratuitos.<\/p>\n\n\n\n<figure class=\"wp-block-embed is-type-video is-provider-youtube wp-block-embed-youtube wp-embed-aspect-16-9 wp-has-aspect-ratio\"><div class=\"wp-block-embed__wrapper\">\n<iframe loading=\"lazy\" title=\"Convocatoria Armada Nacional para j\u00f3venes de Tulu\u00e1 | Servicio militar 2025 \u2693\" width=\"640\" height=\"360\" src=\"https:\/\/www.youtube.com\/embed\/Ql783is2MFo?feature=oembed\" frameborder=\"0\" allow=\"accelerometer; autoplay; clipboard-write; encrypted-media; gyroscope; picture-in-picture; web-share\" referrerpolicy=\"strict-origin-when-cross-origin\" allowfullscreen><\/iframe>\n<\/div><\/figure>\n\n\n\n<p>Adem\u00e1s, destac\u00f3 que no es necesario contar con t\u00edtulo de bachiller para participar, y que la Armada Nacional brinda un incentivo econ\u00f3mico mensual que actualmente es de un mill\u00f3n de pesos, con una proyecci\u00f3n para el pr\u00f3ximo a\u00f1o de alcanzar el salario m\u00ednimo legal vigente. Tambi\u00e9n existen facilidades para continuar estudios superiores, con beneficios en matr\u00edcula e inscripci\u00f3n.<\/p>\n\n\n\n<p>Velasco se\u00f1al\u00f3 que aquellos j\u00f3venes que hayan prestado servicio militar por al menos siete meses pueden postularse al programa de Ingreso Militar Profesional (IMP), que ofrece un salario y prestaciones sociales, convirti\u00e9ndose en una opci\u00f3n viable para quienes buscan consolidar su carrera dentro de la instituci\u00f3n.<\/p>\n\n\n\n<p>Los interesados deben comunicarse previamente a los n\u00fameros 320 576 0880 y 315 761 8319 para recibir orientaci\u00f3n, adelantar tr\u00e1mites y programar las evaluaciones m\u00e9dicas y psicol\u00f3gicas. La Armada Nacional se encargar\u00e1 de los gastos de desplazamiento, alimentaci\u00f3n y alojamiento durante la formaci\u00f3n.<\/p>\n\n\n\n<p>Esta convocatoria reafirma el compromiso de la Armada Nacional con la formaci\u00f3n integral de los j\u00f3venes y la defensa del territorio nacional, ofreciendo una alternativa profesional con m\u00faltiples beneficios para quienes decidan prestar su servicio militar.<\/p>\n\n\n\n<figure class=\"wp-block-video\"><\/figure>\n","protected":false},"excerpt":{"rendered":"<p>La Armada Nacional invita a los j\u00f3venes del Valle del Cauca que a\u00fan no han definido su situaci\u00f3n militar a incorporarse al servicio en sus diferentes unidades. La convocatoria est\u00e1 dirigida a hombres entre 18 a\u00f1os cumplidos y 23 a\u00f1os con 11 meses, quienes podr\u00e1n acceder a una formaci\u00f3n profesional y a beneficios econ\u00f3micos y [&hellip;]<\/p>\n","protected":false},"author":3,"featured_media":35177,"comment_status":"open","ping_status":"open","sticky":false,"template":"","format":"video","meta":{"footnotes":""},"categories":[10],"tags":[],"class_list":["post-35176","post","type-post","status-publish","format-video","has-post-thumbnail","hentry","category-cnc-noticias-tulua","post_format-post-format-video"],"_links":{"self":[{"href":"https:\/\/cnctulua.tv\/index.php?rest_route=\/wp\/v2\/posts\/35176","targetHints":{"allow":["GET"]}}],"collection":[{"href":"https:\/\/cnctulua.tv\/index.php?rest_route=\/wp\/v2\/posts"}],"about":[{"href":"https:\/\/cnctulua.tv\/index.php?rest_route=\/wp\/v2\/types\/post"}],"author":[{"embeddable":true,"href":"https:\/\/cnctulua.tv\/index.php?rest_route=\/wp\/v2\/users\/3"}],"replies":[{"embeddable":true,"href":"https:\/\/cnctulua.tv\/index.php?rest_route=%2Fwp%2Fv2%2Fcomments&post=35176"}],"version-history":[{"count":1,"href":"https:\/\/cnctulua.tv\/index.php?rest_route=\/wp\/v2\/posts\/35176\/revisions"}],"predecessor-version":[{"id":35178,"href":"https:\/\/cnctulua.tv\/index.php?rest_route=\/wp\/v2\/posts\/35176\/revisions\/35178"}],"wp:featuredmedia":[{"embeddable":true,"href":"https:\/\/cnctulua.tv\/index.php?rest_route=\/wp\/v2\/media\/35177"}],"wp:attachment":[{"href":"https:\/\/cnctulua.tv\/index.php?rest_route=%2Fwp%2Fv2%2Fmedia&parent=35176"}],"wp:term":[{"taxonomy":"category","embeddable":true,"href":"https:\/\/cnctulua.tv\/index.php?rest_route=%2Fwp%2Fv2%2Fcategories&post=35176"},{"taxonomy":"post_tag","embeddable":true,"href":"https:\/\/cnctulua.tv\/index.php?rest_route=%2Fwp%2Fv2%2Ftags&post=35176"}],"curies":[{"name":"wp","href":"https:\/\/api.w.org\/{rel}","templated":true}]}}