{"id":35182,"date":"2025-07-01T21:00:59","date_gmt":"2025-07-01T21:00:59","guid":{"rendered":"https:\/\/cnctulua.tv\/?p=35182"},"modified":"2025-07-01T21:00:59","modified_gmt":"2025-07-01T21:00:59","slug":"la-seleccion-colombiana-de-pesas-se-prepara-con-todo-para-el-panamericano-en-cali","status":"publish","type":"post","link":"https:\/\/cnctulua.tv\/?p=35182","title":{"rendered":"La selecci\u00f3n colombiana de pesas se prepara con todo para el Panamericano en Cali"},"content":{"rendered":"\n<p>Desde que se confirm\u00f3 que el Panamericano de levantamiento de pesas en categor\u00eda mayores se disputar\u00e1 en Santiago de Cali, el equipo nacional colombiano no ha bajado la guardia. Desde diciembre, los pesistas se pusieron la camiseta y aumentaron la intensidad en sus entrenamientos para ganarse un lugar en la selecci\u00f3n que buscar\u00e1 la gloria continental a partir del 12 de julio.<\/p>\n\n\n\n<p>Las competencias regionales y el Campeonato Nacional en Manizales fueron el terreno de batalla donde los atletas demostraron estar en \u00f3ptimas condiciones para la convocatoria final. Bajo la direcci\u00f3n del t\u00e9cnico Luis Carlos Arieta, un grupo \u00e9lite de 16 pesistas comenz\u00f3 la puesta a punto en el coliseo de la Federaci\u00f3n Colombiana de Levantamiento de Pesas, en Cali.<\/p>\n\n\n\n<figure class=\"wp-block-embed is-type-video is-provider-youtube wp-block-embed-youtube wp-embed-aspect-16-9 wp-has-aspect-ratio\"><div class=\"wp-block-embed__wrapper\">\n<iframe loading=\"lazy\" title=\"Panamericano de Pesas, Cali convierte en epicentro del levantamiento continental \ud83c\udfcb\ufe0f\u200d\u2642\ufe0f\ud83d\udd25\" width=\"640\" height=\"360\" src=\"https:\/\/www.youtube.com\/embed\/haS80pD7Tb8?feature=oembed\" frameborder=\"0\" allow=\"accelerometer; autoplay; clipboard-write; encrypted-media; gyroscope; picture-in-picture; web-share\" referrerpolicy=\"strict-origin-when-cross-origin\" allowfullscreen><\/iframe>\n<\/div><\/figure>\n\n\n\n<p>El equipo combina experiencia y juventud: destacan los medallistas ol\u00edmpicos Jeison L\u00f3pez y Mari Leivis S\u00e1nchez, junto al campe\u00f3n mundial Francisco Mosquera, quien regresa tras superar una acusaci\u00f3n de dopaje. A su vez, figuras j\u00f3venes como Jenny Sinisterra, Gelen Torres y Julieth Rodr\u00edguez aportan frescura y t\u00edtulos mundiales juveniles que prometen dar batalla en la tarima.<\/p>\n\n\n\n<p>El entrenador Arieta asegur\u00f3 que el plantel est\u00e1 enfocado en hacer un buen papel, no solo en este certamen, sino proyect\u00e1ndose hacia los Juegos Ol\u00edmpicos de Los \u00c1ngeles 2028. El equipo conf\u00eda en que el respaldo de la afici\u00f3n cale\u00f1a y el trabajo constante desde las regiones se reflejar\u00e1n en resultados contundentes.<\/p>\n\n\n\n<p>Con la barra cargada y la mente fija en la victoria, Colombia llega lista para dejar en alto su bandera en el Panamericano de pesas que tendr\u00e1 lugar en casa.<\/p>\n\n\n\n<figure class=\"wp-block-video\"><\/figure>\n","protected":false},"excerpt":{"rendered":"<p>Desde que se confirm\u00f3 que el Panamericano de levantamiento de pesas en categor\u00eda mayores se disputar\u00e1 en Santiago de Cali, el equipo nacional colombiano no ha bajado la guardia. Desde diciembre, los pesistas se pusieron la camiseta y aumentaron la intensidad en sus entrenamientos para ganarse un lugar en la selecci\u00f3n que buscar\u00e1 la gloria [&hellip;]<\/p>\n","protected":false},"author":3,"featured_media":35183,"comment_status":"open","ping_status":"open","sticky":false,"template":"","format":"video","meta":{"footnotes":""},"categories":[10],"tags":[],"class_list":["post-35182","post","type-post","status-publish","format-video","has-post-thumbnail","hentry","category-cnc-noticias-tulua","post_format-post-format-video"],"_links":{"self":[{"href":"https:\/\/cnctulua.tv\/index.php?rest_route=\/wp\/v2\/posts\/35182","targetHints":{"allow":["GET"]}}],"collection":[{"href":"https:\/\/cnctulua.tv\/index.php?rest_route=\/wp\/v2\/posts"}],"about":[{"href":"https:\/\/cnctulua.tv\/index.php?rest_route=\/wp\/v2\/types\/post"}],"author":[{"embeddable":true,"href":"https:\/\/cnctulua.tv\/index.php?rest_route=\/wp\/v2\/users\/3"}],"replies":[{"embeddable":true,"href":"https:\/\/cnctulua.tv\/index.php?rest_route=%2Fwp%2Fv2%2Fcomments&post=35182"}],"version-history":[{"count":1,"href":"https:\/\/cnctulua.tv\/index.php?rest_route=\/wp\/v2\/posts\/35182\/revisions"}],"predecessor-version":[{"id":35184,"href":"https:\/\/cnctulua.tv\/index.php?rest_route=\/wp\/v2\/posts\/35182\/revisions\/35184"}],"wp:featuredmedia":[{"embeddable":true,"href":"https:\/\/cnctulua.tv\/index.php?rest_route=\/wp\/v2\/media\/35183"}],"wp:attachment":[{"href":"https:\/\/cnctulua.tv\/index.php?rest_route=%2Fwp%2Fv2%2Fmedia&parent=35182"}],"wp:term":[{"taxonomy":"category","embeddable":true,"href":"https:\/\/cnctulua.tv\/index.php?rest_route=%2Fwp%2Fv2%2Fcategories&post=35182"},{"taxonomy":"post_tag","embeddable":true,"href":"https:\/\/cnctulua.tv\/index.php?rest_route=%2Fwp%2Fv2%2Ftags&post=35182"}],"curies":[{"name":"wp","href":"https:\/\/api.w.org\/{rel}","templated":true}]}}