{"id":35185,"date":"2025-07-01T21:03:05","date_gmt":"2025-07-01T21:03:05","guid":{"rendered":"https:\/\/cnctulua.tv\/?p=35185"},"modified":"2025-07-01T21:03:05","modified_gmt":"2025-07-01T21:03:05","slug":"armada-de-colombia-intensifica-operativos-para-combatir-hurtos-en-el-mar-en-buenaventura-y-alrededores","status":"publish","type":"post","link":"https:\/\/cnctulua.tv\/?p=35185","title":{"rendered":"Armada de Colombia intensifica operativos para combatir hurtos en el mar en Buenaventura y alrededores"},"content":{"rendered":"\n<p>La Armada de Colombia ha reforzado sus operaciones en el litoral pac\u00edfico, espec\u00edficamente en el Distrito Especial de Buenaventura, con el fin de contrarrestar los hurtos en el mar que han afectado a comunidades y sectores productivos de la regi\u00f3n.<\/p>\n\n\n\n<p>La Estaci\u00f3n de Guardacostas Primaria de Buenaventura, junto a unidades de Infanter\u00eda de Marina de la Fuerza Naval del Pac\u00edfico, ha implementado el \u201cPlan San Buenaventura\u201d, una estrategia orientada a prevenir y reducir las actividades delictivas que afectan embarcaciones menores dedicadas al turismo, transporte y abastecimiento de comunidades costeras.<\/p>\n\n\n\n<figure class=\"wp-block-embed is-type-video is-provider-youtube wp-block-embed-youtube wp-embed-aspect-16-9 wp-has-aspect-ratio\"><div class=\"wp-block-embed__wrapper\">\n<iframe loading=\"lazy\" title=\"Operativos navales en Buenaventura: nuevas medidas para prevenir hurtos en el mar \ud83d\udea2\" width=\"640\" height=\"360\" src=\"https:\/\/www.youtube.com\/embed\/j9e1x6RcZXk?feature=oembed\" frameborder=\"0\" allow=\"accelerometer; autoplay; clipboard-write; encrypted-media; gyroscope; picture-in-picture; web-share\" referrerpolicy=\"strict-origin-when-cross-origin\" allowfullscreen><\/iframe>\n<\/div><\/figure>\n\n\n\n<p>El despliegue naval abarca desde Cabo Corrientes, en el departamento del Choc\u00f3, hasta Punta Aj\u00ed, en Valle del Cauca, donde se llevan a cabo patrullajes constantes, controles mar\u00edtimos y acompa\u00f1amiento a motonaves civiles para garantizar la seguridad en estas rutas.<\/p>\n\n\n\n<p>Como resultado de estas operaciones, la Fuerza Naval del Pac\u00edfico logr\u00f3 la captura de alias \u201cCabezas\u201d, cabecilla del Grupo Delincuencial Organizado \u201cLos Shottas\u201d, se\u00f1alado de ser responsable de hurtos en el mar y de realizar labores de inteligencia contra la Fuerza P\u00fablica en el \u00e1rea de Playa Piang\u00fcita.<\/p>\n\n\n\n<p>En coordinaci\u00f3n con gremios mar\u00edtimos y fluviales, la Armada ha fortalecido los canales de comunicaci\u00f3n con la comunidad para brindar acompa\u00f1amiento en rutas vulnerables, facilitando el tr\u00e1nsito seguro de tripulantes y pasajeros que dependen del transporte mar\u00edtimo.<\/p>\n\n\n\n<p>La Armada de Colombia reafirma su compromiso con la seguridad mar\u00edtima en la regi\u00f3n y exhorta a la ciudadan\u00eda a reportar cualquier actividad sospechosa o delito a trav\u00e9s de la l\u00ednea gratuita 146 o por el canal 16 del VHF marino, disponibles las 24 horas del d\u00eda.<\/p>\n\n\n\n<figure class=\"wp-block-video\"><\/figure>\n","protected":false},"excerpt":{"rendered":"<p>La Armada de Colombia ha reforzado sus operaciones en el litoral pac\u00edfico, espec\u00edficamente en el Distrito Especial de Buenaventura, con el fin de contrarrestar los hurtos en el mar que han afectado a comunidades y sectores productivos de la regi\u00f3n. La Estaci\u00f3n de Guardacostas Primaria de Buenaventura, junto a unidades de Infanter\u00eda de Marina de [&hellip;]<\/p>\n","protected":false},"author":3,"featured_media":35186,"comment_status":"open","ping_status":"open","sticky":false,"template":"","format":"video","meta":{"footnotes":""},"categories":[10],"tags":[],"class_list":["post-35185","post","type-post","status-publish","format-video","has-post-thumbnail","hentry","category-cnc-noticias-tulua","post_format-post-format-video"],"_links":{"self":[{"href":"https:\/\/cnctulua.tv\/index.php?rest_route=\/wp\/v2\/posts\/35185","targetHints":{"allow":["GET"]}}],"collection":[{"href":"https:\/\/cnctulua.tv\/index.php?rest_route=\/wp\/v2\/posts"}],"about":[{"href":"https:\/\/cnctulua.tv\/index.php?rest_route=\/wp\/v2\/types\/post"}],"author":[{"embeddable":true,"href":"https:\/\/cnctulua.tv\/index.php?rest_route=\/wp\/v2\/users\/3"}],"replies":[{"embeddable":true,"href":"https:\/\/cnctulua.tv\/index.php?rest_route=%2Fwp%2Fv2%2Fcomments&post=35185"}],"version-history":[{"count":1,"href":"https:\/\/cnctulua.tv\/index.php?rest_route=\/wp\/v2\/posts\/35185\/revisions"}],"predecessor-version":[{"id":35187,"href":"https:\/\/cnctulua.tv\/index.php?rest_route=\/wp\/v2\/posts\/35185\/revisions\/35187"}],"wp:featuredmedia":[{"embeddable":true,"href":"https:\/\/cnctulua.tv\/index.php?rest_route=\/wp\/v2\/media\/35186"}],"wp:attachment":[{"href":"https:\/\/cnctulua.tv\/index.php?rest_route=%2Fwp%2Fv2%2Fmedia&parent=35185"}],"wp:term":[{"taxonomy":"category","embeddable":true,"href":"https:\/\/cnctulua.tv\/index.php?rest_route=%2Fwp%2Fv2%2Fcategories&post=35185"},{"taxonomy":"post_tag","embeddable":true,"href":"https:\/\/cnctulua.tv\/index.php?rest_route=%2Fwp%2Fv2%2Ftags&post=35185"}],"curies":[{"name":"wp","href":"https:\/\/api.w.org\/{rel}","templated":true}]}}