{"id":35202,"date":"2025-07-03T20:13:17","date_gmt":"2025-07-03T20:13:17","guid":{"rendered":"https:\/\/cnctulua.tv\/?p=35202"},"modified":"2025-07-04T13:51:45","modified_gmt":"2025-07-04T13:51:45","slug":"el-arbol-seco-y-amenaza-la-seguridad-en-el-barrio-victoria-una-problematica-sin-solucion","status":"publish","type":"post","link":"https:\/\/cnctulua.tv\/?p=35202","title":{"rendered":"\u201cEl \u00e1rbol seco\u201d y amenaza la seguridad en el barrio Victoria: una problem\u00e1tica sin soluci\u00f3n"},"content":{"rendered":"\n<p>En el barrio Victoria de Tulu\u00e1, en la calle 28\u00aa #31-77, un \u00e1rbol que durante a\u00f1os brind\u00f3 sombra y frescura a la comunidad, hoy se ha convertido en una fuente de preocupaci\u00f3n. Su estado de sequedad, con ramas muertas que cuelgan peligrosamente, representa un riesgo para los transe\u00fantes, veh\u00edculos y especialmente para los ni\u00f1os que frecuentan la zona.<\/p>\n\n\n\n<p>Los residentes del sector, entre ellos Pedro Flores, han expresado su alarma ante la falta de respuestas por parte de las autoridades. Seg\u00fan los vecinos, pese a haber presentado m\u00faltiples derechos de petici\u00f3n ante la Alcald\u00eda, la CVC y la Secretar\u00eda de Gobierno, no se ha tomado ninguna medida efectiva para solucionar el problema.<\/p>\n\n\n\n<figure class=\"wp-block-embed is-type-video is-provider-youtube wp-block-embed-youtube wp-embed-aspect-16-9 wp-has-aspect-ratio\"><div class=\"wp-block-embed__wrapper\">\n<iframe loading=\"lazy\" title=\"\ud83d\udea8 \u00a1Peligro Latente en Tulu\u00e1! \u00c1rbol Seco en Barrio Victoria Amenaza a la Comunidad \u26a0\ufe0f\" width=\"640\" height=\"360\" src=\"https:\/\/www.youtube.com\/embed\/mWWfXnnz2-M?feature=oembed\" frameborder=\"0\" allow=\"accelerometer; autoplay; clipboard-write; encrypted-media; gyroscope; picture-in-picture; web-share\" referrerpolicy=\"strict-origin-when-cross-origin\" allowfullscreen><\/iframe>\n<\/div><\/figure>\n\n\n\n<p>\u201cEste \u00e1rbol, que fue \u00fatil por muchos a\u00f1os, ahora se ha convertido en una amenaza. Hemos solicitado en diversas ocasiones que se talara, pero no hemos tenido respuestas. La situaci\u00f3n sigue igual\u201d, expres\u00f3 Pedro Flores, quien asegura que la comunidad est\u00e1 a la espera de una soluci\u00f3n urgente, pues el \u00e1rbol pone en peligro tanto a los ni\u00f1os que se dirigen a la escuela cercana como a los veh\u00edculos que transitan por la v\u00eda.<\/p>\n\n\n\n<p>A pesar de que el Cuerpo de Bomberos intervino el \u00e1rbol parcialmente hace algunas semanas, la intervenci\u00f3n no resolvi\u00f3 el problema. Solo se cort\u00f3 una de las ramas m\u00e1s grandes, pero el resto sigue colgando. Adem\u00e1s, algunas de estas ramas secas han ca\u00eddo sobre propiedades cercanas, causando da\u00f1os materiales en techos de viviendas.<\/p>\n\n\n\n<figure class=\"wp-block-image size-large\"><img loading=\"lazy\" decoding=\"async\" width=\"1024\" height=\"768\" src=\"https:\/\/cnctulua.tv\/wp-content\/uploads\/2025\/07\/IMG_9785-1-1024x768.jpeg\" alt=\"\" class=\"wp-image-35210\" srcset=\"https:\/\/cnctulua.tv\/wp-content\/uploads\/2025\/07\/IMG_9785-1-1024x768.jpeg 1024w, https:\/\/cnctulua.tv\/wp-content\/uploads\/2025\/07\/IMG_9785-1-300x225.jpeg 300w, https:\/\/cnctulua.tv\/wp-content\/uploads\/2025\/07\/IMG_9785-1-768x576.jpeg 768w, https:\/\/cnctulua.tv\/wp-content\/uploads\/2025\/07\/IMG_9785-1-1536x1152.jpeg 1536w, https:\/\/cnctulua.tv\/wp-content\/uploads\/2025\/07\/IMG_9785-1-2048x1536.jpeg 2048w\" sizes=\"auto, (max-width: 1024px) 100vw, 1024px\" \/><\/figure>\n\n\n\n<p>\u201cLo que hicieron fue un parche, no una soluci\u00f3n real. Las ramas siguen ah\u00ed, colgando y representando un peligro latente. Necesitamos que el \u00e1rbol sea talado de forma definitiva para evitar cualquier tipo de accidente\u201d, a\u00f1adi\u00f3 Pedro, quien denuncia que la inacci\u00f3n de las autoridades ha generado un sentimiento de abandono entre los vecinos.<\/p>\n\n\n\n<p>La comunidad sigue esperando una respuesta clara de las autoridades competentes, quienes a\u00fan no han dado una soluci\u00f3n definitiva a este problema. Mientras tanto, el riesgo persiste y los residentes contin\u00faan preocupados por la seguridad de todos en el barrio.<\/p>\n\n\n\n<p>Esta situaci\u00f3n resalta la importancia de una pronta intervenci\u00f3n ante problemas de infraestructura que, aunque no siempre son percibidos como urgentes, pueden convertirse en serios riesgos para la salud y seguridad de los ciudadanos. La falta de respuesta efectiva ha llevado a la comunidad a pedir con urgencia la tala del \u00e1rbol para evitar tragedias que, seg\u00fan los vecinos, podr\u00edan haberse evitado con una intervenci\u00f3n oportuna.<\/p>\n\n\n\n<figure class=\"wp-block-video\"><\/figure>\n","protected":false},"excerpt":{"rendered":"<p>En el barrio Victoria de Tulu\u00e1, en la calle 28\u00aa #31-77, un \u00e1rbol que durante a\u00f1os brind\u00f3 sombra y frescura a la comunidad, hoy se ha convertido en una fuente de preocupaci\u00f3n. Su estado de sequedad, con ramas muertas que cuelgan peligrosamente, representa un riesgo para los transe\u00fantes, veh\u00edculos y especialmente para los ni\u00f1os que [&hellip;]<\/p>\n","protected":false},"author":3,"featured_media":35209,"comment_status":"open","ping_status":"open","sticky":false,"template":"","format":"video","meta":{"footnotes":""},"categories":[10],"tags":[],"class_list":["post-35202","post","type-post","status-publish","format-video","has-post-thumbnail","hentry","category-cnc-noticias-tulua","post_format-post-format-video"],"_links":{"self":[{"href":"https:\/\/cnctulua.tv\/index.php?rest_route=\/wp\/v2\/posts\/35202","targetHints":{"allow":["GET"]}}],"collection":[{"href":"https:\/\/cnctulua.tv\/index.php?rest_route=\/wp\/v2\/posts"}],"about":[{"href":"https:\/\/cnctulua.tv\/index.php?rest_route=\/wp\/v2\/types\/post"}],"author":[{"embeddable":true,"href":"https:\/\/cnctulua.tv\/index.php?rest_route=\/wp\/v2\/users\/3"}],"replies":[{"embeddable":true,"href":"https:\/\/cnctulua.tv\/index.php?rest_route=%2Fwp%2Fv2%2Fcomments&post=35202"}],"version-history":[{"count":4,"href":"https:\/\/cnctulua.tv\/index.php?rest_route=\/wp\/v2\/posts\/35202\/revisions"}],"predecessor-version":[{"id":35242,"href":"https:\/\/cnctulua.tv\/index.php?rest_route=\/wp\/v2\/posts\/35202\/revisions\/35242"}],"wp:featuredmedia":[{"embeddable":true,"href":"https:\/\/cnctulua.tv\/index.php?rest_route=\/wp\/v2\/media\/35209"}],"wp:attachment":[{"href":"https:\/\/cnctulua.tv\/index.php?rest_route=%2Fwp%2Fv2%2Fmedia&parent=35202"}],"wp:term":[{"taxonomy":"category","embeddable":true,"href":"https:\/\/cnctulua.tv\/index.php?rest_route=%2Fwp%2Fv2%2Fcategories&post=35202"},{"taxonomy":"post_tag","embeddable":true,"href":"https:\/\/cnctulua.tv\/index.php?rest_route=%2Fwp%2Fv2%2Ftags&post=35202"}],"curies":[{"name":"wp","href":"https:\/\/api.w.org\/{rel}","templated":true}]}}