{"id":35206,"date":"2025-07-03T20:17:22","date_gmt":"2025-07-03T20:17:22","guid":{"rendered":"https:\/\/cnctulua.tv\/?p=35206"},"modified":"2025-07-04T13:54:26","modified_gmt":"2025-07-04T13:54:26","slug":"ligia-jaramillo-vecina-afectada-por-arbol-en-peligro-pedimos-que-nos-ayuden-antes-de-que-ocurra-una-tragedia","status":"publish","type":"post","link":"https:\/\/cnctulua.tv\/?p=35206","title":{"rendered":"Ligia Jaramillo, vecina afectada por \u00e1rbol en peligro: \u00abPedimos que nos ayuden antes de que ocurra una tragedia\u00bb"},"content":{"rendered":"\n<p>En el barrio Victoria de Tulu\u00e1, un \u00e1rbol en evidente estado de deterioro sigue siendo una preocupaci\u00f3n constante para los habitantes de la calle 28\u00aa 31-77. Ligia Jaramillo Rinc\u00f3n, una adulta mayor que reside en el sector, es quien m\u00e1s ha sufrido las consecuencias de la falta de intervenci\u00f3n, ya que el \u00e1rbol se encuentra en su propiedad y su peligroso estado ha comprometido tanto su seguridad como la de su familia.<\/p>\n\n\n\n<p>A pesar de haber solicitado en m\u00faltiples ocasiones la intervenci\u00f3n de las autoridades, la respuesta no ha sido suficiente. La situaci\u00f3n persiste, y el \u00e1rbol, que antes era un s\u00edmbolo de frescura y sombra, se ha convertido en una amenaza directa. Seg\u00fan relata Ligia, las ramas secas ya han ocasionado da\u00f1os materiales, y el riesgo de que otras caigan, con consecuencias m\u00e1s graves, sigue latente.<\/p>\n\n\n\n<figure class=\"wp-block-embed is-type-video is-provider-youtube wp-block-embed-youtube wp-embed-aspect-16-9 wp-has-aspect-ratio\"><div class=\"wp-block-embed__wrapper\">\n<iframe loading=\"lazy\" title=\"\u26a0\ufe0f Vecina de Tulu\u00e1 denuncia el riesgo de un \u00e1rbol en su propiedad \ud83c\udf33\" width=\"640\" height=\"360\" src=\"https:\/\/www.youtube.com\/embed\/PBRvNbEjTos?feature=oembed\" frameborder=\"0\" allow=\"accelerometer; autoplay; clipboard-write; encrypted-media; gyroscope; picture-in-picture; web-share\" referrerpolicy=\"strict-origin-when-cross-origin\" allowfullscreen><\/iframe>\n<\/div><\/figure>\n\n\n\n<p>Las solicitudes de intervenci\u00f3n han sido enviadas a distintas entidades, como la CVC, la alcald\u00eda y Veolia. Sin embargo, las promesas de soluciones inmediatas no se han cumplido, y la angustia de la vecina crece con cada d\u00eda que pasa. \u201cHemos recorrido todas las oficinas posibles, pero el \u00e1rbol sigue all\u00ed, sin que nadie se haga responsable\u201d, comenta Ligia con desesperaci\u00f3n.<\/p>\n\n\n\n<p>La \u00faltima intervenci\u00f3n de los bomberos, aunque parcial, no fue suficiente para resolver el problema. Seg\u00fan la vecina, algunas ramas fueron retiradas, pero otras quedaron atrapadas sobre su techo, generando un peligro constante. Ligia tambi\u00e9n denuncia que, en su \u00faltimo intento por lograr una soluci\u00f3n, un funcionario de la Secretar\u00eda de Gobierno le solicit\u00f3 un monto de 7 millones de pesos para retirar el \u00e1rbol, una cantidad que ella no puede costear.<\/p>\n\n\n\n<p>La situaci\u00f3n pone de manifiesto la falta de respuestas efectivas ante los reclamos de la comunidad. En un barrio donde circulan muchos ni\u00f1os y personas mayores, la seguridad de los residentes est\u00e1 comprometida, y el temor a un accidente crece con el paso de los d\u00edas.<\/p>\n\n\n\n<p>A pesar de las reiteradas gestiones de Ligia y otros vecinos, la situaci\u00f3n sigue sin resolverse, dejando en evidencia la falta de acci\u00f3n por parte de las autoridades competentes ante un problema que, aunque conocido, ha quedado en el olvido. La comunidad del barrio Victoria espera que, finalmente, se tomen las medidas necesarias para evitar lo que podr\u00eda convertirse en una tragedia anunciada.<\/p>\n\n\n\n<p>El llamado sigue siendo claro: es urgente la intervenci\u00f3n de las autoridades para garantizar la seguridad de los residentes y evitar consecuencias irreparables.<\/p>\n\n\n\n<figure class=\"wp-block-video\"><\/figure>\n","protected":false},"excerpt":{"rendered":"<p>En el barrio Victoria de Tulu\u00e1, un \u00e1rbol en evidente estado de deterioro sigue siendo una preocupaci\u00f3n constante para los habitantes de la calle 28\u00aa 31-77. Ligia Jaramillo Rinc\u00f3n, una adulta mayor que reside en el sector, es quien m\u00e1s ha sufrido las consecuencias de la falta de intervenci\u00f3n, ya que el \u00e1rbol se encuentra [&hellip;]<\/p>\n","protected":false},"author":3,"featured_media":35207,"comment_status":"open","ping_status":"open","sticky":false,"template":"","format":"video","meta":{"footnotes":""},"categories":[10],"tags":[],"class_list":["post-35206","post","type-post","status-publish","format-video","has-post-thumbnail","hentry","category-cnc-noticias-tulua","post_format-post-format-video"],"_links":{"self":[{"href":"https:\/\/cnctulua.tv\/index.php?rest_route=\/wp\/v2\/posts\/35206","targetHints":{"allow":["GET"]}}],"collection":[{"href":"https:\/\/cnctulua.tv\/index.php?rest_route=\/wp\/v2\/posts"}],"about":[{"href":"https:\/\/cnctulua.tv\/index.php?rest_route=\/wp\/v2\/types\/post"}],"author":[{"embeddable":true,"href":"https:\/\/cnctulua.tv\/index.php?rest_route=\/wp\/v2\/users\/3"}],"replies":[{"embeddable":true,"href":"https:\/\/cnctulua.tv\/index.php?rest_route=%2Fwp%2Fv2%2Fcomments&post=35206"}],"version-history":[{"count":2,"href":"https:\/\/cnctulua.tv\/index.php?rest_route=\/wp\/v2\/posts\/35206\/revisions"}],"predecessor-version":[{"id":35243,"href":"https:\/\/cnctulua.tv\/index.php?rest_route=\/wp\/v2\/posts\/35206\/revisions\/35243"}],"wp:featuredmedia":[{"embeddable":true,"href":"https:\/\/cnctulua.tv\/index.php?rest_route=\/wp\/v2\/media\/35207"}],"wp:attachment":[{"href":"https:\/\/cnctulua.tv\/index.php?rest_route=%2Fwp%2Fv2%2Fmedia&parent=35206"}],"wp:term":[{"taxonomy":"category","embeddable":true,"href":"https:\/\/cnctulua.tv\/index.php?rest_route=%2Fwp%2Fv2%2Fcategories&post=35206"},{"taxonomy":"post_tag","embeddable":true,"href":"https:\/\/cnctulua.tv\/index.php?rest_route=%2Fwp%2Fv2%2Ftags&post=35206"}],"curies":[{"name":"wp","href":"https:\/\/api.w.org\/{rel}","templated":true}]}}