{"id":35215,"date":"2025-07-03T20:20:51","date_gmt":"2025-07-03T20:20:51","guid":{"rendered":"https:\/\/cnctulua.tv\/?p=35215"},"modified":"2025-07-03T20:20:51","modified_gmt":"2025-07-03T20:20:51","slug":"inician-inscripciones-para-cursos-gratuitos-de-liderazgo-y-conciliacion-para-lideres-comunales-del-valle-del-cauca","status":"publish","type":"post","link":"https:\/\/cnctulua.tv\/?p=35215","title":{"rendered":"Inician inscripciones para cursos gratuitos de liderazgo y conciliaci\u00f3n para l\u00edderes comunales del Valle del Cauca"},"content":{"rendered":"\n<p>Con el prop\u00f3sito de fortalecer el liderazgo y las habilidades de los miembros de las Juntas de Acci\u00f3n Comunal en el Valle del Cauca, la Gobernaci\u00f3n del Valle ha lanzado una convocatoria para dos cursos gratuitos orientados a la formaci\u00f3n de conciliadores y l\u00edderes comunitarios.<\/p>\n\n\n\n<p>A partir de esta semana, los l\u00edderes comunales podr\u00e1n inscribirse en los cursos \u201cConciliadores en Equidad\u201d y \u201cLiderazgo Comunal Avanzado\u201d, los cuales ser\u00e1n desarrollados de manera mixta, tanto presencial como virtual, a lo largo de los pr\u00f3ximos meses. Las inscripciones estar\u00e1n abiertas hasta el 11 de julio, y se habilitaron 500 cupos para los interesados en participar.<\/p>\n\n\n\n<figure class=\"wp-block-embed is-type-video is-provider-youtube wp-block-embed-youtube wp-embed-aspect-16-9 wp-has-aspect-ratio\"><div class=\"wp-block-embed__wrapper\">\n<iframe loading=\"lazy\" title=\"\ud83d\udda5\ufe0f Cursos Gratuitos de Liderazgo y Conciliaci\u00f3n para L\u00edderes del Valle.| \u00a1Inscr\u00edbete Ahora! \ud83c\udf93\" width=\"640\" height=\"360\" src=\"https:\/\/www.youtube.com\/embed\/ZgSJp2HIDC0?feature=oembed\" frameborder=\"0\" allow=\"accelerometer; autoplay; clipboard-write; encrypted-media; gyroscope; picture-in-picture; web-share\" referrerpolicy=\"strict-origin-when-cross-origin\" allowfullscreen><\/iframe>\n<\/div><\/figure>\n\n\n\n<p>Diana Lorena Venegas, directora del Departamento Administrativo de Jur\u00eddica del Valle, destac\u00f3 que estos cursos buscan dar herramientas fundamentales a los l\u00edderes comunales para la resoluci\u00f3n de conflictos y mejorar la gesti\u00f3n de proyectos comunitarios. \u201cQueremos hacer extensiva esta invitaci\u00f3n a los l\u00edderes para que aprovechen esta oportunidad gratuita de capacitaci\u00f3n que les permitir\u00e1 fortalecer su liderazgo y capacidad de conciliaci\u00f3n en sus comunidades\u00bb, coment\u00f3 Venegas.<\/p>\n\n\n\n<p>Por su parte, Wilson Saa, subdirector de Inspecci\u00f3n, Vigilancia y Control de las Entidades sin \u00c1nimo de Lucro, explic\u00f3 que el curso dirigido a los conciliadores se centra en ofrecer herramientas de mediaci\u00f3n para que los l\u00edderes puedan manejar de manera eficaz los conflictos en sus territorios. \u201cEl otro curso, de liderazgo comunal avanzado, tiene un enfoque en la contrataci\u00f3n estatal, lo que permitir\u00e1 a los participantes entender mejor c\u00f3mo gestionar proyectos que beneficien a sus comunidades\u201d, agreg\u00f3 Saa.<\/p>\n\n\n\n<p>Los cursos, que se desarrollar\u00e1n entre julio y noviembre de 2025, tienen como objetivo crear un equipo de conciliadores en equidad a nivel municipal y fortalecer las capacidades de las JAC para presentar iniciativas ante entidades y organismos correspondientes.<\/p>\n\n\n\n<p>Por su parte, Ceferino Mosquera Murillo, presidente de la Federaci\u00f3n Comunal del Valle, expres\u00f3 su agradecimiento a la Gobernaci\u00f3n del Valle y la administraci\u00f3n departamental por la implementaci\u00f3n de este tipo de programas de formaci\u00f3n. \u00abEs un gran paso para que las Juntas de Acci\u00f3n Comunal puedan jugar un papel m\u00e1s activo en el desarrollo de sus territorios\u00bb, afirm\u00f3 Mosquera.<\/p>\n\n\n\n<p>Los interesados pueden obtener m\u00e1s informaci\u00f3n e inscribirse a trav\u00e9s del portal web oficial de la Gobernaci\u00f3n del Valle, en el siguiente enlace: Inscripci\u00f3n cursos l\u00edderes comunales.<\/p>\n\n\n\n<p>Con estos cursos, se espera que los l\u00edderes de las JAC est\u00e9n mejor preparados para hacer frente a los retos sociales y econ\u00f3micos que enfrentan las comunidades del Valle, as\u00ed como para mejorar la interacci\u00f3n entre las entidades p\u00fablicas y los habitantes de los municipios.<\/p>\n\n\n\n<figure class=\"wp-block-video\"><\/figure>\n","protected":false},"excerpt":{"rendered":"<p>Con el prop\u00f3sito de fortalecer el liderazgo y las habilidades de los miembros de las Juntas de Acci\u00f3n Comunal en el Valle del Cauca, la Gobernaci\u00f3n del Valle ha lanzado una convocatoria para dos cursos gratuitos orientados a la formaci\u00f3n de conciliadores y l\u00edderes comunitarios. A partir de esta semana, los l\u00edderes comunales podr\u00e1n inscribirse [&hellip;]<\/p>\n","protected":false},"author":3,"featured_media":35216,"comment_status":"open","ping_status":"open","sticky":false,"template":"","format":"video","meta":{"footnotes":""},"categories":[10],"tags":[],"class_list":["post-35215","post","type-post","status-publish","format-video","has-post-thumbnail","hentry","category-cnc-noticias-tulua","post_format-post-format-video"],"_links":{"self":[{"href":"https:\/\/cnctulua.tv\/index.php?rest_route=\/wp\/v2\/posts\/35215","targetHints":{"allow":["GET"]}}],"collection":[{"href":"https:\/\/cnctulua.tv\/index.php?rest_route=\/wp\/v2\/posts"}],"about":[{"href":"https:\/\/cnctulua.tv\/index.php?rest_route=\/wp\/v2\/types\/post"}],"author":[{"embeddable":true,"href":"https:\/\/cnctulua.tv\/index.php?rest_route=\/wp\/v2\/users\/3"}],"replies":[{"embeddable":true,"href":"https:\/\/cnctulua.tv\/index.php?rest_route=%2Fwp%2Fv2%2Fcomments&post=35215"}],"version-history":[{"count":1,"href":"https:\/\/cnctulua.tv\/index.php?rest_route=\/wp\/v2\/posts\/35215\/revisions"}],"predecessor-version":[{"id":35217,"href":"https:\/\/cnctulua.tv\/index.php?rest_route=\/wp\/v2\/posts\/35215\/revisions\/35217"}],"wp:featuredmedia":[{"embeddable":true,"href":"https:\/\/cnctulua.tv\/index.php?rest_route=\/wp\/v2\/media\/35216"}],"wp:attachment":[{"href":"https:\/\/cnctulua.tv\/index.php?rest_route=%2Fwp%2Fv2%2Fmedia&parent=35215"}],"wp:term":[{"taxonomy":"category","embeddable":true,"href":"https:\/\/cnctulua.tv\/index.php?rest_route=%2Fwp%2Fv2%2Fcategories&post=35215"},{"taxonomy":"post_tag","embeddable":true,"href":"https:\/\/cnctulua.tv\/index.php?rest_route=%2Fwp%2Fv2%2Ftags&post=35215"}],"curies":[{"name":"wp","href":"https:\/\/api.w.org\/{rel}","templated":true}]}}