{"id":35228,"date":"2025-07-03T20:56:35","date_gmt":"2025-07-03T20:56:35","guid":{"rendered":"https:\/\/cnctulua.tv\/?p=35228"},"modified":"2025-07-03T20:56:35","modified_gmt":"2025-07-03T20:56:35","slug":"nuevo-centro-integral-para-el-cuidado-de-ninos-y-cuidadores-en-cartago","status":"publish","type":"post","link":"https:\/\/cnctulua.tv\/?p=35228","title":{"rendered":"Nuevo centro integral para el cuidado de ni\u00f1os y cuidadores en Cartago"},"content":{"rendered":"\n<p>Cartago se prepara para inaugurar el primer Centro Integral del Cuidado del pa\u00eds, una iniciativa pionera que busca transformar la atenci\u00f3n a ni\u00f1os entre 0 y 4 a\u00f1os y a los cuidadores de personas con discapacidad. Este espacio ofrecer\u00e1 un modelo integral de atenci\u00f3n en salud y bienestar, que incluye servicios de enfermer\u00eda, nutrici\u00f3n y psicolog\u00eda, adem\u00e1s de talleres recreativos y formativos que fomentar\u00e1n el desarrollo f\u00edsico y emocional de los usuarios.<\/p>\n\n\n\n<p>El centro, denominado Coraz\u00f3n del Para\u00edso, tambi\u00e9n contar\u00e1 con el programa Arrullo, un Jard\u00edn Infantil nocturno destinado a madres que estudian o trabajan en turnos nocturnos o de madrugada. Este programa tiene como objetivo brindar un espacio seguro y adecuado para el cuidado infantil durante horas no convencionales, lo que permitir\u00e1 a las madres conciliadoras de su vida laboral o acad\u00e9mica con el bienestar de sus hijos.<\/p>\n\n\n\n<figure class=\"wp-block-embed is-type-video is-provider-youtube wp-block-embed-youtube wp-embed-aspect-16-9 wp-has-aspect-ratio\"><div class=\"wp-block-embed__wrapper\">\n<iframe loading=\"lazy\" title=\"\ud83c\udf7c\ud83d\udc76 &quot;Coraz\u00f3n del Para\u00edso&quot;: El primer Centro Integral del Cuidado en Cartago | Atenci\u00f3n 24h y m\u00e1s \ud83d\udc99\" width=\"640\" height=\"360\" src=\"https:\/\/www.youtube.com\/embed\/kxtJl8H7aKM?feature=oembed\" frameborder=\"0\" allow=\"accelerometer; autoplay; clipboard-write; encrypted-media; gyroscope; picture-in-picture; web-share\" referrerpolicy=\"strict-origin-when-cross-origin\" allowfullscreen><\/iframe>\n<\/div><\/figure>\n\n\n\n<p>El Centro Integral del Cuidado ofrecer\u00e1 atenci\u00f3n las 24 horas, con un enfoque preventivo y humanizado que va m\u00e1s all\u00e1 de la atenci\u00f3n m\u00e9dica tradicional. Adem\u00e1s de los servicios m\u00e9dicos y psicol\u00f3gicos, se ofrecer\u00e1n actividades como danza, bordado y teatro, que permitir\u00e1n a los beneficiarios mejorar su bienestar emocional y adquirir habilidades para su desarrollo personal.<\/p>\n\n\n\n<p>El proyecto tambi\u00e9n est\u00e1 dirigido a los cuidadores de personas con discapacidad, quienes se beneficiar\u00e1n de capacitaciones y apoyo emocional. Esmeralda Castro, madre de un ni\u00f1o con discapacidad, resalt\u00f3 que este espacio ser\u00e1 crucial para que las familias con hijos con necesidades especiales puedan recibir el acompa\u00f1amiento necesario para su bienestar y el de sus hijos. \u00abEste programa nos va a apoyar a las mam\u00e1s que no tenemos otros espacios. Aqu\u00ed nos van a capacitar y acompa\u00f1ar\u00bb, expres\u00f3 emocionada.<\/p>\n\n\n\n<p>Por su parte, Michel Nicol Orozco, madre soltera de 20 a\u00f1os y trabajadora en un punto de comida r\u00e1pida, destac\u00f3 que el programa Arrullo ser\u00e1 fundamental para poder equilibrar su jornada laboral con el cuidado de su hijo. \u00abTrabajo en la noche y mi salida es incierta. Este programa me da tranquilidad y la oportunidad de seguir adelante sin sacrificar el cuidado de mi hijo\u00bb, coment\u00f3.<\/p>\n\n\n\n<p>El Centro Integral del Cuidado es el primer paso hacia una nueva forma de entender la atenci\u00f3n integral, no solo centrada en la salud, sino tambi\u00e9n en el bienestar de las familias cartag\u00fce\u00f1as. Este modelo de atenci\u00f3n est\u00e1 dise\u00f1ado para ofrecer una respuesta a las crecientes necesidades de las madres trabajadoras y de los cuidadores de personas con discapacidad, quienes muchas veces no cuentan con alternativas adecuadas para el cuidado de sus hijos.<\/p>\n\n\n\n<p>Este centro no solo ser\u00e1 un referente en el municipio, sino tambi\u00e9n un modelo replicable en otros lugares del pa\u00eds, que apuesta por una atenci\u00f3n m\u00e1s cercana, preventiva e inclusiva.<\/p>\n\n\n\n<figure class=\"wp-block-video\"><\/figure>\n","protected":false},"excerpt":{"rendered":"<p>Cartago se prepara para inaugurar el primer Centro Integral del Cuidado del pa\u00eds, una iniciativa pionera que busca transformar la atenci\u00f3n a ni\u00f1os entre 0 y 4 a\u00f1os y a los cuidadores de personas con discapacidad. Este espacio ofrecer\u00e1 un modelo integral de atenci\u00f3n en salud y bienestar, que incluye servicios de enfermer\u00eda, nutrici\u00f3n y [&hellip;]<\/p>\n","protected":false},"author":3,"featured_media":35229,"comment_status":"open","ping_status":"open","sticky":false,"template":"","format":"video","meta":{"footnotes":""},"categories":[10],"tags":[],"class_list":["post-35228","post","type-post","status-publish","format-video","has-post-thumbnail","hentry","category-cnc-noticias-tulua","post_format-post-format-video"],"_links":{"self":[{"href":"https:\/\/cnctulua.tv\/index.php?rest_route=\/wp\/v2\/posts\/35228","targetHints":{"allow":["GET"]}}],"collection":[{"href":"https:\/\/cnctulua.tv\/index.php?rest_route=\/wp\/v2\/posts"}],"about":[{"href":"https:\/\/cnctulua.tv\/index.php?rest_route=\/wp\/v2\/types\/post"}],"author":[{"embeddable":true,"href":"https:\/\/cnctulua.tv\/index.php?rest_route=\/wp\/v2\/users\/3"}],"replies":[{"embeddable":true,"href":"https:\/\/cnctulua.tv\/index.php?rest_route=%2Fwp%2Fv2%2Fcomments&post=35228"}],"version-history":[{"count":1,"href":"https:\/\/cnctulua.tv\/index.php?rest_route=\/wp\/v2\/posts\/35228\/revisions"}],"predecessor-version":[{"id":35230,"href":"https:\/\/cnctulua.tv\/index.php?rest_route=\/wp\/v2\/posts\/35228\/revisions\/35230"}],"wp:featuredmedia":[{"embeddable":true,"href":"https:\/\/cnctulua.tv\/index.php?rest_route=\/wp\/v2\/media\/35229"}],"wp:attachment":[{"href":"https:\/\/cnctulua.tv\/index.php?rest_route=%2Fwp%2Fv2%2Fmedia&parent=35228"}],"wp:term":[{"taxonomy":"category","embeddable":true,"href":"https:\/\/cnctulua.tv\/index.php?rest_route=%2Fwp%2Fv2%2Fcategories&post=35228"},{"taxonomy":"post_tag","embeddable":true,"href":"https:\/\/cnctulua.tv\/index.php?rest_route=%2Fwp%2Fv2%2Ftags&post=35228"}],"curies":[{"name":"wp","href":"https:\/\/api.w.org\/{rel}","templated":true}]}}