{"id":35237,"date":"2025-07-03T21:05:01","date_gmt":"2025-07-03T21:05:01","guid":{"rendered":"https:\/\/cnctulua.tv\/?p=35237"},"modified":"2025-07-03T21:05:01","modified_gmt":"2025-07-03T21:05:01","slug":"pasarela-de-la-inclusion-congrego-a-mas-de-20-mil-personas-en-cali-y-puso-en-alto-la-diversidad-regional","status":"publish","type":"post","link":"https:\/\/cnctulua.tv\/?p=35237","title":{"rendered":"Pasarela de la Inclusi\u00f3n congreg\u00f3 a m\u00e1s de 20 mil personas en Cali y puso en alto la diversidad regional"},"content":{"rendered":"\n<p>La Pasarela de la Inclusi\u00f3n, evento desarrollado en el Centro de Eventos Valle del Pac\u00edfico, cerr\u00f3 su edici\u00f3n con un balance de m\u00e1s de 20 mil asistentes. Esta iniciativa se consolid\u00f3 como un espacio de encuentro donde la moda fue un veh\u00edculo para visibilizar procesos sociales, culturales y comunitarios, protagonizados por poblaciones diversas del suroccidente colombiano.<\/p>\n\n\n\n<p>Durante la jornada, representantes de cinco departamentos presentaron colecciones construidas junto a comunidades campesinas, ind\u00edgenas, mujeres del Pac\u00edfico y personas en condici\u00f3n de discapacidad. Las piezas destacaron por su elaboraci\u00f3n artesanal, el uso de tejidos tradicionales y el valor simb\u00f3lico de cada historia personal detr\u00e1s de las prendas.<\/p>\n\n\n\n<figure class=\"wp-block-embed is-type-video is-provider-youtube wp-block-embed-youtube wp-embed-aspect-16-9 wp-has-aspect-ratio\"><div class=\"wp-block-embed__wrapper\">\n<iframe loading=\"lazy\" title=\"As\u00ed fue la Pasarela de la Inclusi\u00f3n: moda hecha con manos diversas\" width=\"640\" height=\"360\" src=\"https:\/\/www.youtube.com\/embed\/JGz9CsQ89b0?feature=oembed\" frameborder=\"0\" allow=\"accelerometer; autoplay; clipboard-write; encrypted-media; gyroscope; picture-in-picture; web-share\" referrerpolicy=\"strict-origin-when-cross-origin\" allowfullscreen><\/iframe>\n<\/div><\/figure>\n\n\n\n<p>Modelos no convencionales, incluyendo personas con movilidad reducida, hicieron parte del desfile. \u201cEstamos mostrando que la belleza no tiene una sola forma\u201d, se\u00f1al\u00f3 Yomira G\u00f3mez, modelo en silla de ruedas que particip\u00f3 en la pasarela.<\/p>\n\n\n\n<p>Dise\u00f1adores como Ana Mar\u00eda Espa\u00f1a, de la marca Atualita, destacaron la experiencia como un reto profesional y una oportunidad de generar empleo inclusivo. \u201cNuestra colecci\u00f3n cuenta con 25 dise\u00f1os hechos en crochet. Para producirlos, trabajamos con 11 mujeres tejedoras. Esta plataforma nos conect\u00f3 con el talento de base\u201d, asegur\u00f3.<\/p>\n\n\n\n<p>Para muchos de los asistentes y participantes, el evento no solo impuls\u00f3 la moda regional, sino que tambi\u00e9n fortaleci\u00f3 iniciativas de emprendimiento comunitario y puso en escena el trabajo colaborativo entre dise\u00f1adores y comunidades. La Pasarela de la Inclusi\u00f3n se desarroll\u00f3 en el marco del programa Distrito Moda, con el objetivo de impulsar procesos econ\u00f3micos sostenibles desde una perspectiva de equidad y diversidad. Al cierre, sus organizadores resaltaron el impacto positivo de esta edici\u00f3n tanto en visibilizaci\u00f3n territorial como en proyecci\u00f3n creativa.<\/p>\n\n\n\n<figure class=\"wp-block-video\"><\/figure>\n","protected":false},"excerpt":{"rendered":"<p>La Pasarela de la Inclusi\u00f3n, evento desarrollado en el Centro de Eventos Valle del Pac\u00edfico, cerr\u00f3 su edici\u00f3n con un balance de m\u00e1s de 20 mil asistentes. Esta iniciativa se consolid\u00f3 como un espacio de encuentro donde la moda fue un veh\u00edculo para visibilizar procesos sociales, culturales y comunitarios, protagonizados por poblaciones diversas del suroccidente [&hellip;]<\/p>\n","protected":false},"author":3,"featured_media":35238,"comment_status":"open","ping_status":"open","sticky":false,"template":"","format":"video","meta":{"footnotes":""},"categories":[10],"tags":[],"class_list":["post-35237","post","type-post","status-publish","format-video","has-post-thumbnail","hentry","category-cnc-noticias-tulua","post_format-post-format-video"],"_links":{"self":[{"href":"https:\/\/cnctulua.tv\/index.php?rest_route=\/wp\/v2\/posts\/35237","targetHints":{"allow":["GET"]}}],"collection":[{"href":"https:\/\/cnctulua.tv\/index.php?rest_route=\/wp\/v2\/posts"}],"about":[{"href":"https:\/\/cnctulua.tv\/index.php?rest_route=\/wp\/v2\/types\/post"}],"author":[{"embeddable":true,"href":"https:\/\/cnctulua.tv\/index.php?rest_route=\/wp\/v2\/users\/3"}],"replies":[{"embeddable":true,"href":"https:\/\/cnctulua.tv\/index.php?rest_route=%2Fwp%2Fv2%2Fcomments&post=35237"}],"version-history":[{"count":1,"href":"https:\/\/cnctulua.tv\/index.php?rest_route=\/wp\/v2\/posts\/35237\/revisions"}],"predecessor-version":[{"id":35239,"href":"https:\/\/cnctulua.tv\/index.php?rest_route=\/wp\/v2\/posts\/35237\/revisions\/35239"}],"wp:featuredmedia":[{"embeddable":true,"href":"https:\/\/cnctulua.tv\/index.php?rest_route=\/wp\/v2\/media\/35238"}],"wp:attachment":[{"href":"https:\/\/cnctulua.tv\/index.php?rest_route=%2Fwp%2Fv2%2Fmedia&parent=35237"}],"wp:term":[{"taxonomy":"category","embeddable":true,"href":"https:\/\/cnctulua.tv\/index.php?rest_route=%2Fwp%2Fv2%2Fcategories&post=35237"},{"taxonomy":"post_tag","embeddable":true,"href":"https:\/\/cnctulua.tv\/index.php?rest_route=%2Fwp%2Fv2%2Ftags&post=35237"}],"curies":[{"name":"wp","href":"https:\/\/api.w.org\/{rel}","templated":true}]}}