{"id":35244,"date":"2025-07-07T18:53:57","date_gmt":"2025-07-07T18:53:57","guid":{"rendered":"https:\/\/cnctulua.tv\/?p=35244"},"modified":"2025-07-07T18:53:57","modified_gmt":"2025-07-07T18:53:57","slug":"captura-de-alias-milor-autor-de-homicidio-que-conmociono-a-tulua","status":"publish","type":"post","link":"https:\/\/cnctulua.tv\/?p=35244","title":{"rendered":"Captura de Alias \u2018Milor\u2019: Autor de Homicidio que Conmocion\u00f3 a Tulu\u00e1"},"content":{"rendered":"\n<p>En un operativo realizado en Tulu\u00e1, Valle del Cauca, las autoridades lograron la captura de Ferney Fuentes, alias \u2018Milor\u2019, se\u00f1alado como el autor material del homicidio de alias \u2018Mugre\u2019, ocurrido el pasado 17 de mayo en el interior de la plaza de mercado del municipio. Este crimen, que caus\u00f3 consternaci\u00f3n en la comunidad local y gener\u00f3 amplio inter\u00e9s en el \u00e1mbito nacional, involucr\u00f3 una disputa por el control de las rutas de narcotr\u00e1fico en la regi\u00f3n.<\/p>\n\n\n\n<p>Fuentes, de 44 a\u00f1os, fue arrestado tras una investigaci\u00f3n de aproximadamente 45 d\u00edas, en la que los investigadores de la Seccional de Investigaci\u00f3n Criminal (SIJIN) Valle, bajo la coordinaci\u00f3n de la Fiscal\u00eda General de la Naci\u00f3n, lograron reunir elementos probatorios clave. Seg\u00fan las autoridades, la evidencia recolectada permiti\u00f3 identificar a Fuentes como el responsable de la muerte de \u2018Mugre\u2019, un hombre en condici\u00f3n de calle vinculado a actividades delictivas, cuyo cuerpo fue encontrado con evidentes signos de violencia.<\/p>\n\n\n\n<figure class=\"wp-block-embed is-type-video is-provider-youtube wp-block-embed-youtube wp-embed-aspect-16-9 wp-has-aspect-ratio\"><div class=\"wp-block-embed__wrapper\">\n<iframe loading=\"lazy\" title=\"Capturan a Alias \u2018Milor\u2019 Tras Homicidio Relacionado con Narcotr\u00e1fico \ud83d\udcbc\u2696\ufe0f\" width=\"640\" height=\"360\" src=\"https:\/\/www.youtube.com\/embed\/ZLoepcde8V8?feature=oembed\" frameborder=\"0\" allow=\"accelerometer; autoplay; clipboard-write; encrypted-media; gyroscope; picture-in-picture; web-share\" referrerpolicy=\"strict-origin-when-cross-origin\" allowfullscreen><\/iframe>\n<\/div><\/figure>\n\n\n\n<p>El homicidio, que se produjo en el contexto de una disputa territorial entre grupos criminales dedicados al tr\u00e1fico de estupefacientes, se habr\u00eda originado por una confrontaci\u00f3n entre miembros del grupo \u2018La Inmaculada\u2019. Seg\u00fan las investigaciones, tanto \u2018Mugre\u2019 como Fuentes estaban involucrados en la venta de drogas en la zona de la galer\u00eda de Tulu\u00e1, un \u00e1rea que ha sido hist\u00f3ricamente un punto de alto inter\u00e9s para las organizaciones delictivas dedicadas a esta actividad.<\/p>\n\n\n\n<p>Fuentes, quien ya contaba con antecedentes por tr\u00e1fico de estupefacientes desde 2020, es se\u00f1alado de haber atacado a su compa\u00f1ero con un arma blanca, caus\u00e1ndole la muerte. La disputa por el control de este lucrativo mercado de drogas en la regi\u00f3n fue lo que habr\u00eda motivado el crimen, que ha dejado en evidencia la violencia que acompa\u00f1a a las bandas criminales en esta zona del Valle del Cauca.<\/p>\n\n\n\n<p>Una vez capturado en el barrio Centro de Tulu\u00e1, Fuentes fue presentado ante un juez, quien le imput\u00f3 cargos por homicidio agravado. Durante su audiencia, el capturado acept\u00f3 los cargos, lo que permiti\u00f3 que se dictara una condena de 17 a\u00f1os y seis meses de prisi\u00f3n, tras ser hallado responsable del crimen. La sentencia refleja el esfuerzo de las autoridades por llevar ante la justicia a quienes cometen actos de violencia, aunque los desaf\u00edos para erradicar la violencia generada por el narcotr\u00e1fico en la regi\u00f3n contin\u00faan. Con este avance, las autoridades mantienen su compromiso de continuar con las investigaciones que permitan esclarecer otros cr\u00edmenes vinculados a la violencia y el narcotr\u00e1fico en la zona. La captura de alias \u2018Milor\u2019 es un paso m\u00e1s en la lucha contra las estructuras criminales que operan en el Valle del Cauca, aunque persisten las preocupaciones por el control territorial de las bandas y su impacto en la seguridad p\u00fablica.<\/p>\n\n\n\n<figure class=\"wp-block-video\"><\/figure>\n","protected":false},"excerpt":{"rendered":"<p>En un operativo realizado en Tulu\u00e1, Valle del Cauca, las autoridades lograron la captura de Ferney Fuentes, alias \u2018Milor\u2019, se\u00f1alado como el autor material del homicidio de alias \u2018Mugre\u2019, ocurrido el pasado 17 de mayo en el interior de la plaza de mercado del municipio. Este crimen, que caus\u00f3 consternaci\u00f3n en la comunidad local y [&hellip;]<\/p>\n","protected":false},"author":3,"featured_media":35245,"comment_status":"open","ping_status":"open","sticky":false,"template":"","format":"video","meta":{"footnotes":""},"categories":[10],"tags":[],"class_list":["post-35244","post","type-post","status-publish","format-video","has-post-thumbnail","hentry","category-cnc-noticias-tulua","post_format-post-format-video"],"_links":{"self":[{"href":"https:\/\/cnctulua.tv\/index.php?rest_route=\/wp\/v2\/posts\/35244","targetHints":{"allow":["GET"]}}],"collection":[{"href":"https:\/\/cnctulua.tv\/index.php?rest_route=\/wp\/v2\/posts"}],"about":[{"href":"https:\/\/cnctulua.tv\/index.php?rest_route=\/wp\/v2\/types\/post"}],"author":[{"embeddable":true,"href":"https:\/\/cnctulua.tv\/index.php?rest_route=\/wp\/v2\/users\/3"}],"replies":[{"embeddable":true,"href":"https:\/\/cnctulua.tv\/index.php?rest_route=%2Fwp%2Fv2%2Fcomments&post=35244"}],"version-history":[{"count":1,"href":"https:\/\/cnctulua.tv\/index.php?rest_route=\/wp\/v2\/posts\/35244\/revisions"}],"predecessor-version":[{"id":35246,"href":"https:\/\/cnctulua.tv\/index.php?rest_route=\/wp\/v2\/posts\/35244\/revisions\/35246"}],"wp:featuredmedia":[{"embeddable":true,"href":"https:\/\/cnctulua.tv\/index.php?rest_route=\/wp\/v2\/media\/35245"}],"wp:attachment":[{"href":"https:\/\/cnctulua.tv\/index.php?rest_route=%2Fwp%2Fv2%2Fmedia&parent=35244"}],"wp:term":[{"taxonomy":"category","embeddable":true,"href":"https:\/\/cnctulua.tv\/index.php?rest_route=%2Fwp%2Fv2%2Fcategories&post=35244"},{"taxonomy":"post_tag","embeddable":true,"href":"https:\/\/cnctulua.tv\/index.php?rest_route=%2Fwp%2Fv2%2Ftags&post=35244"}],"curies":[{"name":"wp","href":"https:\/\/api.w.org\/{rel}","templated":true}]}}