{"id":35247,"date":"2025-07-07T18:55:45","date_gmt":"2025-07-07T18:55:45","guid":{"rendered":"https:\/\/cnctulua.tv\/?p=35247"},"modified":"2025-07-07T18:55:45","modified_gmt":"2025-07-07T18:55:45","slug":"alias-yeider-capturado-en-riofrio-golpe-a-las-disidencias-de-las-farc-y-el-crimen-organizado","status":"publish","type":"post","link":"https:\/\/cnctulua.tv\/?p=35247","title":{"rendered":"Alias \u2018Yeider\u2019 Capturado en Riofr\u00edo: Golpe a las Disidencias de las FARC y el Crimen Organizado"},"content":{"rendered":"\n<p>En desarrollo de una estrategia integral para contrarrestar el crimen en la regi\u00f3n, las autoridades de la Polic\u00eda Nacional han logrado una nueva captura en el municipio de Riofr\u00edo. Alias \u2018Yeider\u2019, presunto integrante del grupo armado organizado residual GAOR Ad\u00e1n Izquierdo, fue aprehendido tras la ejecuci\u00f3n de planes diferenciales y rigurosos controles en la zona.<\/p>\n\n\n\n<p>De acuerdo con las investigaciones, alias \u2018Yeider\u2019 era el encargado de coordinar actividades delictivas en la regi\u00f3n, particularmente en el cobro de extorsiones a ganaderos y comerciantes de la zona. Adem\u00e1s, se desempe\u00f1aba como el responsable de coordinar diversas acciones delictivas dentro de la estructura armada, operando principalmente en la cordillera central. Se le se\u00f1ala de ser un hombre de confianza de alias \u2018Ra\u00fal\u2019, tercer cabecilla del Estado Mayor Central del Frente Ad\u00e1n Izquierdo, Bloque Isa\u00edas Pardo de las Disidencias de las FARC, lo que resalta su nivel de involucramiento y responsabilidad dentro de esta organizaci\u00f3n criminal.<\/p>\n\n\n\n<figure class=\"wp-block-embed is-type-video is-provider-youtube wp-block-embed-youtube wp-embed-aspect-16-9 wp-has-aspect-ratio\"><div class=\"wp-block-embed__wrapper\">\n<iframe loading=\"lazy\" title=\"Golpe al Crimen: Alias \u2018Yeider\u2019 Capturado en Riofr\u00edo \ud83d\udd75\ufe0f\u200d\u2642\ufe0f\u2696\ufe0f\" width=\"640\" height=\"360\" src=\"https:\/\/www.youtube.com\/embed\/M6_AinVVrDM?feature=oembed\" frameborder=\"0\" allow=\"accelerometer; autoplay; clipboard-write; encrypted-media; gyroscope; picture-in-picture; web-share\" referrerpolicy=\"strict-origin-when-cross-origin\" allowfullscreen><\/iframe>\n<\/div><\/figure>\n\n\n\n<p>Las autoridades tambi\u00e9n han confirmado que alias \u2018Yeider\u2019 tiene varios antecedentes judiciales. Seg\u00fan el Sistema Penal Oral Acusatorio (SPOA), su historial incluye acusaciones por el delito de Concierto para Delinquir Agravado, adem\u00e1s de v\u00ednculos con actividades violentas relacionadas con el homicidio.<\/p>\n\n\n\n<p>Tras su captura, alias \u2018Yeider\u2019 fue presentado ante un juez de control de garant\u00edas, quien dict\u00f3 una medida de aseguramiento intramural en un centro carcelario, donde permanecer\u00e1 mientras avanza el proceso judicial en su contra.<\/p>\n\n\n\n<p>Este operativo es parte de una serie de acciones estrat\u00e9gicas que las autoridades locales y la Polic\u00eda Nacional vienen desarrollando para debilitar a los grupos armados ilegales en la regi\u00f3n, responsables de perpetuar la violencia y las extorsiones. Con el apoyo de la comunidad y la constante vigilancia, la Polic\u00eda Nacional sigue comprometida con el desmantelamiento de estos grupos al margen de la ley y con llevarlos ante la justicia.<\/p>\n\n\n\n<p>Las autoridades han reiterado su llamado a la ciudadan\u00eda para que contin\u00fae colaborando con informaci\u00f3n que permita identificar a m\u00e1s miembros de estos grupos criminales, reforzando la seguridad y la paz en el territorio.<\/p>\n\n\n\n<figure class=\"wp-block-video\"><\/figure>\n","protected":false},"excerpt":{"rendered":"<p>En desarrollo de una estrategia integral para contrarrestar el crimen en la regi\u00f3n, las autoridades de la Polic\u00eda Nacional han logrado una nueva captura en el municipio de Riofr\u00edo. Alias \u2018Yeider\u2019, presunto integrante del grupo armado organizado residual GAOR Ad\u00e1n Izquierdo, fue aprehendido tras la ejecuci\u00f3n de planes diferenciales y rigurosos controles en la zona. [&hellip;]<\/p>\n","protected":false},"author":3,"featured_media":35248,"comment_status":"open","ping_status":"open","sticky":false,"template":"","format":"video","meta":{"footnotes":""},"categories":[10],"tags":[],"class_list":["post-35247","post","type-post","status-publish","format-video","has-post-thumbnail","hentry","category-cnc-noticias-tulua","post_format-post-format-video"],"_links":{"self":[{"href":"https:\/\/cnctulua.tv\/index.php?rest_route=\/wp\/v2\/posts\/35247","targetHints":{"allow":["GET"]}}],"collection":[{"href":"https:\/\/cnctulua.tv\/index.php?rest_route=\/wp\/v2\/posts"}],"about":[{"href":"https:\/\/cnctulua.tv\/index.php?rest_route=\/wp\/v2\/types\/post"}],"author":[{"embeddable":true,"href":"https:\/\/cnctulua.tv\/index.php?rest_route=\/wp\/v2\/users\/3"}],"replies":[{"embeddable":true,"href":"https:\/\/cnctulua.tv\/index.php?rest_route=%2Fwp%2Fv2%2Fcomments&post=35247"}],"version-history":[{"count":1,"href":"https:\/\/cnctulua.tv\/index.php?rest_route=\/wp\/v2\/posts\/35247\/revisions"}],"predecessor-version":[{"id":35249,"href":"https:\/\/cnctulua.tv\/index.php?rest_route=\/wp\/v2\/posts\/35247\/revisions\/35249"}],"wp:featuredmedia":[{"embeddable":true,"href":"https:\/\/cnctulua.tv\/index.php?rest_route=\/wp\/v2\/media\/35248"}],"wp:attachment":[{"href":"https:\/\/cnctulua.tv\/index.php?rest_route=%2Fwp%2Fv2%2Fmedia&parent=35247"}],"wp:term":[{"taxonomy":"category","embeddable":true,"href":"https:\/\/cnctulua.tv\/index.php?rest_route=%2Fwp%2Fv2%2Fcategories&post=35247"},{"taxonomy":"post_tag","embeddable":true,"href":"https:\/\/cnctulua.tv\/index.php?rest_route=%2Fwp%2Fv2%2Ftags&post=35247"}],"curies":[{"name":"wp","href":"https:\/\/api.w.org\/{rel}","templated":true}]}}