{"id":35256,"date":"2025-07-07T19:03:02","date_gmt":"2025-07-07T19:03:02","guid":{"rendered":"https:\/\/cnctulua.tv\/?p=35256"},"modified":"2025-07-07T19:03:02","modified_gmt":"2025-07-07T19:03:02","slug":"gobernacion-del-valle-del-cauca-hace-un-llamado-a-la-prudencia-durante-la-temporada-vacacional","status":"publish","type":"post","link":"https:\/\/cnctulua.tv\/?p=35256","title":{"rendered":"Gobernaci\u00f3n del Valle del Cauca hace un llamado a la prudencia durante la temporada vacacional"},"content":{"rendered":"\n<p>Con la llegada de la temporada vacacional, el Valle del Cauca se prepara para recibir a miles de turistas y residentes que buscan disfrutar de sus paisajes naturales y destinos tur\u00edsticos. Ante este incremento de viajeros, la Gobernaci\u00f3n del Valle del Cauca, a trav\u00e9s de la Secretar\u00eda de Gesti\u00f3n del Riesgo, ha emitido un llamado a la responsabilidad, la seguridad y el autocuidado, para que las vacaciones sean una experiencia segura y sin contratiempos.<\/p>\n\n\n\n<p>Francisco Tenorio, secretario de Gesti\u00f3n del Riesgo del Valle, inst\u00f3 a la ciudadan\u00eda a incluir medidas de prevenci\u00f3n en sus planes vacacionales. En especial, hizo un \u00e9nfasis en la seguridad en las playas de la zona pac\u00edfica, como en Buenaventura. \u00abEs fundamental que los turistas que visiten las playas de la regi\u00f3n utilicen chalecos salvavidas, especialmente en actividades acu\u00e1ticas. Esta es una medida esencial para garantizar la seguridad\u00bb, expres\u00f3 Tenorio.<\/p>\n\n\n\n<figure class=\"wp-block-embed is-type-video is-provider-youtube wp-block-embed-youtube wp-embed-aspect-16-9 wp-has-aspect-ratio\"><div class=\"wp-block-embed__wrapper\">\n<iframe loading=\"lazy\" title=\"\ud83c\udf34\ud83c\udf92 Disfruta del Valle del Cauca con responsabilidad: Consejos de seguridad \ud83d\udef6\ud83d\udd25\" width=\"640\" height=\"360\" src=\"https:\/\/www.youtube.com\/embed\/4CERWN-VPnw?feature=oembed\" frameborder=\"0\" allow=\"accelerometer; autoplay; clipboard-write; encrypted-media; gyroscope; picture-in-picture; web-share\" referrerpolicy=\"strict-origin-when-cross-origin\" allowfullscreen><\/iframe>\n<\/div><\/figure>\n\n\n\n<p>Por otro lado, el funcionario destac\u00f3 a Calima-El Dari\u00e9n, uno de los destinos m\u00e1s visitados del departamento, donde tambi\u00e9n la recomendaci\u00f3n es usar chalecos salvavidas cuando se aborden embarcaciones. \u201cEl agua puede presentar riesgos inesperados, por lo que la prevenci\u00f3n debe ser una prioridad al disfrutar de estos paisajes\u201d, a\u00f1adi\u00f3.<\/p>\n\n\n\n<p>En cuanto a los populares paseos de olla a los r\u00edos del departamento, la Gobernaci\u00f3n hizo un llamado a los turistas a estar atentos a las condiciones hidroclimatol\u00f3gicas de la regi\u00f3n. \u201cEs importante tener en cuenta el caudal de los r\u00edos y estar alerta ante la posibilidad de crecientes s\u00fabitas que puedan poner en riesgo la integridad de los visitantes\u201d, advirti\u00f3 Tenorio. Adem\u00e1s, recomend\u00f3 evitar la realizaci\u00f3n de fogatas en las orillas de los r\u00edos, a fin de prevenir posibles incendios forestales.<\/p>\n\n\n\n<p>De acuerdo con el secretario de Gesti\u00f3n del Riesgo, las condiciones clim\u00e1ticas en el Valle del Cauca ser\u00e1n variables durante las vacaciones. \u201cEstamos en una etapa de transici\u00f3n, con d\u00edas soleados, pero tambi\u00e9n con lluvias espor\u00e1dicas en algunas zonas del departamento\u201d, indic\u00f3 Tenorio. Ante esta situaci\u00f3n, destac\u00f3 la importancia de que los turistas se mantengan informados sobre el clima y tomen las precauciones necesarias para adaptarse a las condiciones cambiantes.<\/p>\n\n\n\n<p>El Gobierno del Valle del Cauca hizo un llamado a todos los habitantes y visitantes del departamento a disfrutar de sus vacaciones con conciencia y prudencia. \u201cNuestro objetivo es que todos disfruten de las maravillas naturales de la regi\u00f3n sin poner en riesgo su seguridad ni la de los dem\u00e1s. Les pedimos que sigan las recomendaciones de seguridad y se cuiden para que sus vacaciones sean realmente inolvidables\u201d, concluy\u00f3 Francisco Tenorio.<\/p>\n","protected":false},"excerpt":{"rendered":"<p>Con la llegada de la temporada vacacional, el Valle del Cauca se prepara para recibir a miles de turistas y residentes que buscan disfrutar de sus paisajes naturales y destinos tur\u00edsticos. Ante este incremento de viajeros, la Gobernaci\u00f3n del Valle del Cauca, a trav\u00e9s de la Secretar\u00eda de Gesti\u00f3n del Riesgo, ha emitido un llamado [&hellip;]<\/p>\n","protected":false},"author":3,"featured_media":35257,"comment_status":"open","ping_status":"open","sticky":false,"template":"","format":"video","meta":{"footnotes":""},"categories":[10],"tags":[],"class_list":["post-35256","post","type-post","status-publish","format-video","has-post-thumbnail","hentry","category-cnc-noticias-tulua","post_format-post-format-video"],"_links":{"self":[{"href":"https:\/\/cnctulua.tv\/index.php?rest_route=\/wp\/v2\/posts\/35256","targetHints":{"allow":["GET"]}}],"collection":[{"href":"https:\/\/cnctulua.tv\/index.php?rest_route=\/wp\/v2\/posts"}],"about":[{"href":"https:\/\/cnctulua.tv\/index.php?rest_route=\/wp\/v2\/types\/post"}],"author":[{"embeddable":true,"href":"https:\/\/cnctulua.tv\/index.php?rest_route=\/wp\/v2\/users\/3"}],"replies":[{"embeddable":true,"href":"https:\/\/cnctulua.tv\/index.php?rest_route=%2Fwp%2Fv2%2Fcomments&post=35256"}],"version-history":[{"count":1,"href":"https:\/\/cnctulua.tv\/index.php?rest_route=\/wp\/v2\/posts\/35256\/revisions"}],"predecessor-version":[{"id":35258,"href":"https:\/\/cnctulua.tv\/index.php?rest_route=\/wp\/v2\/posts\/35256\/revisions\/35258"}],"wp:featuredmedia":[{"embeddable":true,"href":"https:\/\/cnctulua.tv\/index.php?rest_route=\/wp\/v2\/media\/35257"}],"wp:attachment":[{"href":"https:\/\/cnctulua.tv\/index.php?rest_route=%2Fwp%2Fv2%2Fmedia&parent=35256"}],"wp:term":[{"taxonomy":"category","embeddable":true,"href":"https:\/\/cnctulua.tv\/index.php?rest_route=%2Fwp%2Fv2%2Fcategories&post=35256"},{"taxonomy":"post_tag","embeddable":true,"href":"https:\/\/cnctulua.tv\/index.php?rest_route=%2Fwp%2Fv2%2Ftags&post=35256"}],"curies":[{"name":"wp","href":"https:\/\/api.w.org\/{rel}","templated":true}]}}