{"id":35262,"date":"2025-07-07T20:35:53","date_gmt":"2025-07-07T20:35:53","guid":{"rendered":"https:\/\/cnctulua.tv\/?p=35262"},"modified":"2025-07-07T20:35:53","modified_gmt":"2025-07-07T20:35:53","slug":"la-villa-de-cespedes-fue-escenario-de-la-segunda-version-de-la-expo-mujeres-del-cafe-especial-2025","status":"publish","type":"post","link":"https:\/\/cnctulua.tv\/?p=35262","title":{"rendered":"La Villa de C\u00e9spedes fue escenario de la segunda versi\u00f3n de la Expo Mujeres del Caf\u00e9 Especial 2025"},"content":{"rendered":"\n<p>El pasado fin de semana, Tulu\u00e1 se convirti\u00f3 en el epicentro de la segunda versi\u00f3n de la Expo Mujeres del Caf\u00e9 Especial 2025, un evento que rindi\u00f3 homenaje al sector cafetero del Valle del Cauca. Con la participaci\u00f3n de 41 expositores provenientes de los 39 municipios cafeteros de la regi\u00f3n, el evento destac\u00f3 el valioso aporte de las mujeres en la caficultura local, quienes representan aproximadamente el 30% de los caficultores del departamento.<\/p>\n\n\n\n<p>Durante el evento, H\u00e9ctor Fabio Cuellar, director del Comit\u00e9 de Cafeteros del Valle del Cauca, subray\u00f3 la relevancia de la Expo como una plataforma para fortalecer la industria del caf\u00e9 en la regi\u00f3n. En sus declaraciones, Cuellar destac\u00f3 que el prop\u00f3sito del evento es \u00abfortalecer el Valle del Cauca\u00bb, resaltando la importancia de \u00abunirnos como caficultores\u00bb para impulsar la producci\u00f3n y fortalecer el sector.<\/p>\n\n\n\n<figure class=\"wp-block-embed is-type-video is-provider-youtube wp-block-embed-youtube wp-embed-aspect-16-9 wp-has-aspect-ratio\"><div class=\"wp-block-embed__wrapper\">\n<iframe loading=\"lazy\" title=\"\u2615 Expo Mujeres del Caf\u00e9 2025: Tulu\u00e1 Resalta el Rol de las Mujeres en el Sector Cafetero\" width=\"640\" height=\"360\" src=\"https:\/\/www.youtube.com\/embed\/cSdn-FUOc7o?feature=oembed\" frameborder=\"0\" allow=\"accelerometer; autoplay; clipboard-write; encrypted-media; gyroscope; picture-in-picture; web-share\" referrerpolicy=\"strict-origin-when-cross-origin\" allowfullscreen><\/iframe>\n<\/div><\/figure>\n\n\n\n<p>El director tambi\u00e9n se\u00f1al\u00f3 que, m\u00e1s all\u00e1 de la comercializaci\u00f3n del caf\u00e9, el evento busca \u00abretener a los productores y productoras en el territorio\u00bb, algo que es vital para el desarrollo sostenible del sector. Adem\u00e1s, subray\u00f3 que este tipo de iniciativas favorece la equidad de g\u00e9nero, destacando que \u00ablas mujeres han jugado un papel fundamental en el avance del sector caficultor en municipios como Tulu\u00e1\u00bb.<\/p>\n\n\n\n<p>Por su parte, las autoridades locales, como el alcalde de Tulu\u00e1, resaltaron la importancia de eventos como este para el desarrollo econ\u00f3mico y social de la regi\u00f3n. \u00abEste tipo de actividades son vitales para el municipio, ya que no solo se est\u00e1 respaldando el trabajo de las mujeres caficultoras, sino tambi\u00e9n impulsando la econom\u00eda local\u00bb, indic\u00f3 el mandatario local.<\/p>\n\n\n\n<p>El evento tambi\u00e9n sirvi\u00f3 como una plataforma para visibilizar las acciones de la institucionalidad del municipio y su apoyo al sector caficultor. \u00abEs importante que continuemos apostando por este tipo de iniciativas que fortalecen tanto a Tulu\u00e1 como a toda la regi\u00f3n del Valle del Cauca\u00bb, agreg\u00f3 Cuellar.<\/p>\n\n\n\n<p>En esta edici\u00f3n, los expositores presentaron una variedad de caf\u00e9s especiales que son cultivados en las diferentes zonas cafeteras del Valle del Cauca, mostrando no solo la calidad del producto, sino tambi\u00e9n la pasi\u00f3n y dedicaci\u00f3n de los caficultores, en especial las mujeres, quienes siguen demostrando su capacidad para transformar el sector.<\/p>\n\n\n\n<p>Este evento se consolid\u00f3 como un espacio clave para el fortalecimiento de la industria cafetera del Valle del Cauca, poniendo de relieve el esfuerzo y compromiso de las mujeres en un sector hist\u00f3ricamente dominado por hombres.<\/p>\n\n\n\n<figure class=\"wp-block-video\"><\/figure>\n","protected":false},"excerpt":{"rendered":"<p>El pasado fin de semana, Tulu\u00e1 se convirti\u00f3 en el epicentro de la segunda versi\u00f3n de la Expo Mujeres del Caf\u00e9 Especial 2025, un evento que rindi\u00f3 homenaje al sector cafetero del Valle del Cauca. Con la participaci\u00f3n de 41 expositores provenientes de los 39 municipios cafeteros de la regi\u00f3n, el evento destac\u00f3 el valioso [&hellip;]<\/p>\n","protected":false},"author":3,"featured_media":35264,"comment_status":"open","ping_status":"open","sticky":false,"template":"","format":"video","meta":{"footnotes":""},"categories":[10],"tags":[],"class_list":["post-35262","post","type-post","status-publish","format-video","has-post-thumbnail","hentry","category-cnc-noticias-tulua","post_format-post-format-video"],"_links":{"self":[{"href":"https:\/\/cnctulua.tv\/index.php?rest_route=\/wp\/v2\/posts\/35262","targetHints":{"allow":["GET"]}}],"collection":[{"href":"https:\/\/cnctulua.tv\/index.php?rest_route=\/wp\/v2\/posts"}],"about":[{"href":"https:\/\/cnctulua.tv\/index.php?rest_route=\/wp\/v2\/types\/post"}],"author":[{"embeddable":true,"href":"https:\/\/cnctulua.tv\/index.php?rest_route=\/wp\/v2\/users\/3"}],"replies":[{"embeddable":true,"href":"https:\/\/cnctulua.tv\/index.php?rest_route=%2Fwp%2Fv2%2Fcomments&post=35262"}],"version-history":[{"count":1,"href":"https:\/\/cnctulua.tv\/index.php?rest_route=\/wp\/v2\/posts\/35262\/revisions"}],"predecessor-version":[{"id":35266,"href":"https:\/\/cnctulua.tv\/index.php?rest_route=\/wp\/v2\/posts\/35262\/revisions\/35266"}],"wp:featuredmedia":[{"embeddable":true,"href":"https:\/\/cnctulua.tv\/index.php?rest_route=\/wp\/v2\/media\/35264"}],"wp:attachment":[{"href":"https:\/\/cnctulua.tv\/index.php?rest_route=%2Fwp%2Fv2%2Fmedia&parent=35262"}],"wp:term":[{"taxonomy":"category","embeddable":true,"href":"https:\/\/cnctulua.tv\/index.php?rest_route=%2Fwp%2Fv2%2Fcategories&post=35262"},{"taxonomy":"post_tag","embeddable":true,"href":"https:\/\/cnctulua.tv\/index.php?rest_route=%2Fwp%2Fv2%2Ftags&post=35262"}],"curies":[{"name":"wp","href":"https:\/\/api.w.org\/{rel}","templated":true}]}}