{"id":35273,"date":"2025-07-07T20:37:42","date_gmt":"2025-07-07T20:37:42","guid":{"rendered":"https:\/\/cnctulua.tv\/?p=35273"},"modified":"2025-07-07T20:37:42","modified_gmt":"2025-07-07T20:37:42","slug":"el-valle-del-cauca-resalta-el-trabajo-de-las-mujeres-caficultoras-en-la-expo-mujeres-del-cafe-especial-2025","status":"publish","type":"post","link":"https:\/\/cnctulua.tv\/?p=35273","title":{"rendered":"El Valle del Cauca resalta el trabajo de las mujeres caficultoras en la Expo Mujeres del Caf\u00e9 Especial 2025"},"content":{"rendered":"\n<p>La Villa de C\u00e9spedes, en el municipio de Tulu\u00e1, fue el escenario perfecto para la segunda edici\u00f3n de la Expo Mujeres del Caf\u00e9 Especial 2025, un evento que reuni\u00f3 a m\u00e1s de 40 expositores de la regi\u00f3n. En esta ocasi\u00f3n, los 39 municipios cafeteros del Valle del Cauca estuvieron representados, destacando el trabajo incansable de las mujeres caficultoras, quienes aportan un 30% de la producci\u00f3n de caf\u00e9 en el departamento.<\/p>\n\n\n\n<p>H\u00e9ctor Fabio Cu\u00e9llar, Director del Comit\u00e9 de Cafeteros del Valle del Cauca, subray\u00f3 la importancia del evento para fortalecer la regi\u00f3n, destacando que \u201ces vital que los caficultores se unan alrededor de sus organizaciones. El reconocimiento y apoyo son esenciales para retener a los productores en el territorio y avanzar en la industria\u201d, afirm\u00f3 Cu\u00e9llar durante su intervenci\u00f3n en la expo.<\/p>\n\n\n\n<figure class=\"wp-block-embed is-type-video is-provider-youtube wp-block-embed-youtube wp-embed-aspect-16-9 wp-has-aspect-ratio\"><div class=\"wp-block-embed__wrapper\">\n<iframe loading=\"lazy\" title=\"\u2615\ud83c\udf0d Mujeres y caf\u00e9: El Valle del Cauca brilla en la Expo Mujeres del Caf\u00e9 Especial 2025\" width=\"640\" height=\"360\" src=\"https:\/\/www.youtube.com\/embed\/SQtaD2251gE?feature=oembed\" frameborder=\"0\" allow=\"accelerometer; autoplay; clipboard-write; encrypted-media; gyroscope; picture-in-picture; web-share\" referrerpolicy=\"strict-origin-when-cross-origin\" allowfullscreen><\/iframe>\n<\/div><\/figure>\n\n\n\n<p>El evento tambi\u00e9n puso en evidencia la equidad de g\u00e9nero, uno de los temas clave en la caficultura del Valle. Cu\u00e9llar expres\u00f3 que \u201clas mujeres est\u00e1n desempe\u00f1ando un papel crucial en el avance del sector. Gracias a la solidaridad y la inclusi\u00f3n, hemos logrado visibilizar su aporte al desarrollo del caf\u00e9 en la regi\u00f3n\u201d.<\/p>\n\n\n\n<p>Por su parte, Alejandra Londo\u00f1o, caficultora de la vereda Pateo Bonito en Ginebra, resalt\u00f3 la importancia de este tipo de eventos: \u201cPara nosotros, como caficultores, es fundamental mostrar el trabajo que realizamos en el campo. La oportunidad de presentar nuestras variedades de caf\u00e9 es un reconocimiento a nuestra labor\u201d, destac\u00f3 Londo\u00f1o, quien lleva m\u00e1s de 10 a\u00f1os trabajando en la producci\u00f3n de caf\u00e9 especialidad.<\/p>\n\n\n\n<p>Alejandra explic\u00f3 que, a lo largo de los a\u00f1os, la asociaci\u00f3n de mujeres caficultoras de Ginebra ha logrado especializarse en la selecci\u00f3n manual de los granos de caf\u00e9. \u201cCada grano es cuidadosamente seleccionado para ofrecer lo mejor de nuestra tierra. Es una manera de rendir homenaje a la mujer caficultora y al campo que trabajamos d\u00eda a d\u00eda\u201d, indic\u00f3.<\/p>\n\n\n\n<p>Otro de los participantes, Andr\u00e9s Narv\u00e1ez, caficultor y propietario de la tienda Caf\u00e9 41A en Tulu\u00e1, tambi\u00e9n se mostr\u00f3 optimista ante la importancia de la expo: \u201cEl evento es una plataforma para consolidar el caf\u00e9 colombiano en los hogares y en las tiendas de especialidad. Aqu\u00ed, el caf\u00e9 es tratado con la mayor calidad, desde la trilla hasta la molienda y la preparaci\u00f3n\u201d, coment\u00f3 Narv\u00e1ez. Con una tienda registrada y dos a\u00f1os de experiencia en el mercado, su empresa trabaja por posicionar el caf\u00e9 de calidad del Valle del Cauca a nivel nacional.<\/p>\n\n\n\n<p>Para Narv\u00e1ez, la expo representa una oportunidad no solo para mostrar el producto, sino tambi\u00e9n para compartir con otros caficultores las mejores pr\u00e1cticas en la producci\u00f3n de caf\u00e9 de calidad. \u201cEs importante que la gente conozca la diferencia entre un caf\u00e9 com\u00fan y un caf\u00e9 de especialidad. Lo que hacemos en esta regi\u00f3n no es solo cultivar caf\u00e9, sino crear una experiencia completa para quienes lo consumen\u201d, concluy\u00f3. El evento, adem\u00e1s de ser un escaparate de la cultura cafetera del Valle del Cauca, se convirti\u00f3 en un punto de encuentro para promover la innovaci\u00f3n, la calidad y la inclusi\u00f3n en el sector cafetero, haciendo \u00e9nfasis en el papel fundamental de la mujer en este campo.<\/p>\n\n\n\n<figure class=\"wp-block-video\"><\/figure>\n","protected":false},"excerpt":{"rendered":"<p>La Villa de C\u00e9spedes, en el municipio de Tulu\u00e1, fue el escenario perfecto para la segunda edici\u00f3n de la Expo Mujeres del Caf\u00e9 Especial 2025, un evento que reuni\u00f3 a m\u00e1s de 40 expositores de la regi\u00f3n. En esta ocasi\u00f3n, los 39 municipios cafeteros del Valle del Cauca estuvieron representados, destacando el trabajo incansable de [&hellip;]<\/p>\n","protected":false},"author":3,"featured_media":35274,"comment_status":"open","ping_status":"open","sticky":false,"template":"","format":"video","meta":{"footnotes":""},"categories":[10],"tags":[],"class_list":["post-35273","post","type-post","status-publish","format-video","has-post-thumbnail","hentry","category-cnc-noticias-tulua","post_format-post-format-video"],"_links":{"self":[{"href":"https:\/\/cnctulua.tv\/index.php?rest_route=\/wp\/v2\/posts\/35273","targetHints":{"allow":["GET"]}}],"collection":[{"href":"https:\/\/cnctulua.tv\/index.php?rest_route=\/wp\/v2\/posts"}],"about":[{"href":"https:\/\/cnctulua.tv\/index.php?rest_route=\/wp\/v2\/types\/post"}],"author":[{"embeddable":true,"href":"https:\/\/cnctulua.tv\/index.php?rest_route=\/wp\/v2\/users\/3"}],"replies":[{"embeddable":true,"href":"https:\/\/cnctulua.tv\/index.php?rest_route=%2Fwp%2Fv2%2Fcomments&post=35273"}],"version-history":[{"count":1,"href":"https:\/\/cnctulua.tv\/index.php?rest_route=\/wp\/v2\/posts\/35273\/revisions"}],"predecessor-version":[{"id":35275,"href":"https:\/\/cnctulua.tv\/index.php?rest_route=\/wp\/v2\/posts\/35273\/revisions\/35275"}],"wp:featuredmedia":[{"embeddable":true,"href":"https:\/\/cnctulua.tv\/index.php?rest_route=\/wp\/v2\/media\/35274"}],"wp:attachment":[{"href":"https:\/\/cnctulua.tv\/index.php?rest_route=%2Fwp%2Fv2%2Fmedia&parent=35273"}],"wp:term":[{"taxonomy":"category","embeddable":true,"href":"https:\/\/cnctulua.tv\/index.php?rest_route=%2Fwp%2Fv2%2Fcategories&post=35273"},{"taxonomy":"post_tag","embeddable":true,"href":"https:\/\/cnctulua.tv\/index.php?rest_route=%2Fwp%2Fv2%2Ftags&post=35273"}],"curies":[{"name":"wp","href":"https:\/\/api.w.org\/{rel}","templated":true}]}}