{"id":35276,"date":"2025-07-07T20:39:03","date_gmt":"2025-07-07T20:39:03","guid":{"rendered":"https:\/\/cnctulua.tv\/?p=35276"},"modified":"2025-07-07T20:39:03","modified_gmt":"2025-07-07T20:39:03","slug":"tulua-se-convierte-en-epicentro-de-la-cultura-cafetera-en-el-valle-del-cauca-con-la-segunda-edicion-de-la-expo-mujeres-del-cafe","status":"publish","type":"post","link":"https:\/\/cnctulua.tv\/?p=35276","title":{"rendered":"Tulu\u00e1 se convierte en epicentro de la cultura cafetera en el Valle del Cauca con la segunda edici\u00f3n de la Expo Mujeres del Caf\u00e9"},"content":{"rendered":"\n<p>Durante el fin de semana, la ciudad de Tulu\u00e1 se convirti\u00f3 en el escenario de la segunda versi\u00f3n de la Expo Mujeres del Caf\u00e9, un evento que celebr\u00f3 la labor de las mujeres caficultoras del Valle del Cauca y su impacto en la producci\u00f3n de caf\u00e9 especial. Este evento, organizado por diversas entidades del sector, tuvo como objetivo rendir homenaje a las mujeres que, con esfuerzo y dedicaci\u00f3n, contribuyen al crecimiento de la caficultura en la regi\u00f3n.<\/p>\n\n\n\n<p>La Expo Mujeres del Caf\u00e9 reuni\u00f3 a 41 expositores provenientes de los 39 municipios cafeteros del Valle, quienes presentaron una variedad de productos derivados del caf\u00e9 y mostraron las diversas metodolog\u00edas de producci\u00f3n que distinguen al caf\u00e9 vallecaucano. En el evento, participaron tanto mujeres productoras como representantes de asociaciones caficultoras, quienes destacaron la calidad de su caf\u00e9 especial y compartieron sus experiencias en el sector.<\/p>\n\n\n\n<figure class=\"wp-block-embed is-type-video is-provider-youtube wp-block-embed-youtube wp-embed-aspect-16-9 wp-has-aspect-ratio\"><div class=\"wp-block-embed__wrapper\">\n<iframe loading=\"lazy\" title=\"Expo Mujeres del Caf\u00e9 2025: El Valle del Cauca en el Coraz\u00f3n de la Caficultura\" width=\"640\" height=\"360\" src=\"https:\/\/www.youtube.com\/embed\/Zj3CVpbDki0?feature=oembed\" frameborder=\"0\" allow=\"accelerometer; autoplay; clipboard-write; encrypted-media; gyroscope; picture-in-picture; web-share\" referrerpolicy=\"strict-origin-when-cross-origin\" allowfullscreen><\/iframe>\n<\/div><\/figure>\n\n\n\n<p>Uno de los aspectos m\u00e1s destacados del evento fue la participaci\u00f3n activa de las mujeres caficultoras, quienes representan el 30% de los caficultores en el departamento. En este sentido, Alejandra Londo\u00f1o, caficultora de Ginebra, destac\u00f3 la importancia de espacios como la Expo Mujeres del Caf\u00e9 para visibilizar el trabajo que realizan las mujeres en la finca. \u00abEs muy importante como caficultores que nos den la oportunidad de mostrarnos productos, todo el trabajo que hacemos en el campo. Poder representar nuestro caf\u00e9 con orgullo es algo que nos motiva a seguir adelante\u00bb, expres\u00f3 Londo\u00f1o, quien hace parte de una asociaci\u00f3n de mujeres caficultoras en Ginebra.<\/p>\n\n\n\n<p>La Expo tambi\u00e9n sirvi\u00f3 de plataforma para que los productores locales, como Andr\u00e9s Narv\u00e1ez de Caf\u00e9 41A, pudieran interactuar directamente con los consumidores y promover la compra de caf\u00e9 de calidad directamente de los caficultores. Narv\u00e1ez, quien lleva m\u00e1s de dos a\u00f1os en el mercado con su tienda de caf\u00e9 de especialidad, explic\u00f3 c\u00f3mo estos espacios son fundamentales para consolidar el caf\u00e9 colombiano como un producto de alta calidad. \u00abEl caf\u00e9 colombiano tiene una calidad excepcional. Aqu\u00ed estamos para mostrarle al mundo el sabor del Valle del Cauca y c\u00f3mo se produce con dedicaci\u00f3n y amor\u00bb, afirm\u00f3.<\/p>\n\n\n\n<p>Adem\u00e1s de la muestra de productos, el evento cont\u00f3 con diversas actividades culturales, como degustaciones de caf\u00e9 y demostraciones de preparaci\u00f3n, lo que permiti\u00f3 a los asistentes conocer m\u00e1s sobre los m\u00e9todos de cultivo, recolecci\u00f3n, y las t\u00e9cnicas de preparaci\u00f3n que hacen \u00fanico al caf\u00e9 de la regi\u00f3n.<\/p>\n\n\n\n<p>La jornada estuvo marcada por el intercambio de conocimientos entre productores, compradores, y asistentes, quienes pudieron conocer de cerca las historias de las mujeres caficultoras y su importante papel en el desarrollo de la industria cafetera del Valle del Cauca.<\/p>\n\n\n\n<p>El Profesor Yarumo, reconocido l\u00edder cafetero, tambi\u00e9n estuvo presente en el evento, donde hizo un llamado a los colombianos para que sigan apoyando la caficultura nacional. \u00abEl caf\u00e9 es mucho m\u00e1s que una bebida, es una cultura que conecta a las familias caficultoras con el mundo. Cada vez que compramos caf\u00e9 colombiano, estamos apoyando a los productores y sus familias\u00bb, se\u00f1al\u00f3.<\/p>\n\n\n\n<p>El evento de este fin de semana dej\u00f3 claro que la industria cafetera del Valle del Cauca sigue siendo un motor fundamental para la econom\u00eda del departamento, especialmente por la inclusi\u00f3n activa de las mujeres, quienes contin\u00faan demostrando que el caf\u00e9, adem\u00e1s de ser un producto de calidad, es una herramienta de empoderamiento y desarrollo.<\/p>\n\n\n\n<figure class=\"wp-block-video\"><\/figure>\n","protected":false},"excerpt":{"rendered":"<p>Durante el fin de semana, la ciudad de Tulu\u00e1 se convirti\u00f3 en el escenario de la segunda versi\u00f3n de la Expo Mujeres del Caf\u00e9, un evento que celebr\u00f3 la labor de las mujeres caficultoras del Valle del Cauca y su impacto en la producci\u00f3n de caf\u00e9 especial. Este evento, organizado por diversas entidades del sector, [&hellip;]<\/p>\n","protected":false},"author":3,"featured_media":35277,"comment_status":"open","ping_status":"open","sticky":false,"template":"","format":"video","meta":{"footnotes":""},"categories":[10],"tags":[],"class_list":["post-35276","post","type-post","status-publish","format-video","has-post-thumbnail","hentry","category-cnc-noticias-tulua","post_format-post-format-video"],"_links":{"self":[{"href":"https:\/\/cnctulua.tv\/index.php?rest_route=\/wp\/v2\/posts\/35276","targetHints":{"allow":["GET"]}}],"collection":[{"href":"https:\/\/cnctulua.tv\/index.php?rest_route=\/wp\/v2\/posts"}],"about":[{"href":"https:\/\/cnctulua.tv\/index.php?rest_route=\/wp\/v2\/types\/post"}],"author":[{"embeddable":true,"href":"https:\/\/cnctulua.tv\/index.php?rest_route=\/wp\/v2\/users\/3"}],"replies":[{"embeddable":true,"href":"https:\/\/cnctulua.tv\/index.php?rest_route=%2Fwp%2Fv2%2Fcomments&post=35276"}],"version-history":[{"count":1,"href":"https:\/\/cnctulua.tv\/index.php?rest_route=\/wp\/v2\/posts\/35276\/revisions"}],"predecessor-version":[{"id":35278,"href":"https:\/\/cnctulua.tv\/index.php?rest_route=\/wp\/v2\/posts\/35276\/revisions\/35278"}],"wp:featuredmedia":[{"embeddable":true,"href":"https:\/\/cnctulua.tv\/index.php?rest_route=\/wp\/v2\/media\/35277"}],"wp:attachment":[{"href":"https:\/\/cnctulua.tv\/index.php?rest_route=%2Fwp%2Fv2%2Fmedia&parent=35276"}],"wp:term":[{"taxonomy":"category","embeddable":true,"href":"https:\/\/cnctulua.tv\/index.php?rest_route=%2Fwp%2Fv2%2Fcategories&post=35276"},{"taxonomy":"post_tag","embeddable":true,"href":"https:\/\/cnctulua.tv\/index.php?rest_route=%2Fwp%2Fv2%2Ftags&post=35276"}],"curies":[{"name":"wp","href":"https:\/\/api.w.org\/{rel}","templated":true}]}}