{"id":35291,"date":"2025-07-07T20:51:48","date_gmt":"2025-07-07T20:51:48","guid":{"rendered":"https:\/\/cnctulua.tv\/?p=35291"},"modified":"2025-07-07T20:51:48","modified_gmt":"2025-07-07T20:51:48","slug":"captura-de-cabecillas-de-las-disidencias-de-las-farc-en-el-valle-del-cauca-un-golpe-a-la-criminalidad-en-la-region","status":"publish","type":"post","link":"https:\/\/cnctulua.tv\/?p=35291","title":{"rendered":"Captura de Cabecillas de las Disidencias de las FARC en el Valle del Cauca: Un Golpe a la Criminalidad en la Regi\u00f3n"},"content":{"rendered":"\n<p>En una operaci\u00f3n conjunta entre la Polic\u00eda Nacional, la Fiscal\u00eda y el Ej\u00e9rcito, se logr\u00f3 la captura de dos cabecillas del Frente 57 \u00abYa\u00edr Berm\u00fadez\u00bb de las disidencias de las FARC, responsables de m\u00faltiples delitos en el Valle del Cauca, particularmente en las zonas rurales de Tulu\u00e1 y Versalles. Las autoridades informaron que los detenidos son alias \u00abEl Italiano\u00bb, uno de los delincuentes m\u00e1s buscados del departamento, y alias \u00abDavid Metra\u00bb, ambos con un historial delictivo que abarca secuestros, extorsiones y otros actos violentos que han afectado la seguridad de la regi\u00f3n.<\/p>\n\n\n\n<p>La Gobernadora del Valle del Cauca, Dilian Francisca Toro, celebr\u00f3 el exitoso operativo, destacando que la captura de estos sujetos se dio gracias a la articulaci\u00f3n entre las fuerzas de seguridad y el valioso apoyo de la ciudadan\u00eda. \u201cAlias &#8216;El Italiano&#8217; y alias &#8216;David Metra&#8217; ten\u00edan un amplio prontuario criminal, afectando la tranquilidad de nuestras comunidades. A trav\u00e9s de la informaci\u00f3n suministrada por la ciudadan\u00eda, logramos su captura, y por eso seguimos invitando a la comunidad a seguir participando en nuestras estrategias de seguridad\u00bb, se\u00f1al\u00f3 Toro.<\/p>\n\n\n\n<figure class=\"wp-block-embed is-type-video is-provider-youtube wp-block-embed-youtube wp-embed-aspect-16-9 wp-has-aspect-ratio\"><div class=\"wp-block-embed__wrapper\">\n<iframe loading=\"lazy\" title=\"\ud83c\udfa5 Golpe a las Disidencias de las FARC: Capturan a Alias \u2018El Italiano\u2019 y \u2018David Metra\u2019\" width=\"640\" height=\"360\" src=\"https:\/\/www.youtube.com\/embed\/9yzqrJriib4?feature=oembed\" frameborder=\"0\" allow=\"accelerometer; autoplay; clipboard-write; encrypted-media; gyroscope; picture-in-picture; web-share\" referrerpolicy=\"strict-origin-when-cross-origin\" allowfullscreen><\/iframe>\n<\/div><\/figure>\n\n\n\n<p>La coronel Sandra Rodr\u00edguez, comandante de la Polic\u00eda Valle, enfatiz\u00f3 que los dos delincuentes, adem\u00e1s de sus actividades criminales directas, ten\u00edan un rol importante en el reclutamiento forzado de j\u00f3venes campesinos, a quienes adoctrinaban e instru\u00edan en el manejo de armamento y explosivos. Seg\u00fan las autoridades, esta estrategia de adoctrinamiento y violencia ten\u00eda como objetivo fortalecer la estructura armada del grupo en la regi\u00f3n, extendiendo su influencia sobre comunidades vulnerables.<\/p>\n\n\n\n<p>Alias &#8216;El Italiano&#8217; y alias &#8216;David Metra&#8217; eran considerados responsables de numerosos casos de extorsi\u00f3n, desplazamiento forzado y afectaciones directas a campesinos y l\u00edderes sociales, lo que hac\u00eda a\u00fan m\u00e1s urgente su captura. La operaci\u00f3n se enmarca dentro de la estrategia del Bloque de B\u00fasqueda que ha sido desplegada en el Valle del Cauca para erradicar las estructuras criminales que atentan contra la paz y la seguridad de los ciudadanos.<\/p>\n\n\n\n<p>Tras la captura, los detenidos fueron trasladados a un centro de reclusi\u00f3n donde se adelantar\u00e1n las audiencias de imputaci\u00f3n de cargos. El proceso judicial est\u00e1 en marcha, y las autoridades aseguran que este golpe a las disidencias de las FARC ser\u00e1 crucial para reducir la violencia en las zonas rurales del Valle del Cauca y restablecer el orden.<\/p>\n\n\n\n<p>El operativo resalta la importancia de la colaboraci\u00f3n entre las autoridades y la comunidad para lograr resultados efectivos en la lucha contra la criminalidad. Las fuerzas de seguridad han instado a la ciudadan\u00eda a seguir denunciando cualquier actividad sospechosa, para as\u00ed fortalecer los mecanismos de prevenci\u00f3n y persecuci\u00f3n del delito. La Gobernaci\u00f3n del Valle del Cauca ha reiterado su compromiso con la seguridad y el bienestar de los ciudadanos, y ha lanzado nuevas campa\u00f1as de sensibilizaci\u00f3n para fomentar la participaci\u00f3n activa de la poblaci\u00f3n en la lucha contra las estructuras criminales.<\/p>\n\n\n\n<figure class=\"wp-block-video\"><\/figure>\n","protected":false},"excerpt":{"rendered":"<p>En una operaci\u00f3n conjunta entre la Polic\u00eda Nacional, la Fiscal\u00eda y el Ej\u00e9rcito, se logr\u00f3 la captura de dos cabecillas del Frente 57 \u00abYa\u00edr Berm\u00fadez\u00bb de las disidencias de las FARC, responsables de m\u00faltiples delitos en el Valle del Cauca, particularmente en las zonas rurales de Tulu\u00e1 y Versalles. Las autoridades informaron que los detenidos [&hellip;]<\/p>\n","protected":false},"author":3,"featured_media":35292,"comment_status":"open","ping_status":"open","sticky":false,"template":"","format":"video","meta":{"footnotes":""},"categories":[10],"tags":[],"class_list":["post-35291","post","type-post","status-publish","format-video","has-post-thumbnail","hentry","category-cnc-noticias-tulua","post_format-post-format-video"],"_links":{"self":[{"href":"https:\/\/cnctulua.tv\/index.php?rest_route=\/wp\/v2\/posts\/35291","targetHints":{"allow":["GET"]}}],"collection":[{"href":"https:\/\/cnctulua.tv\/index.php?rest_route=\/wp\/v2\/posts"}],"about":[{"href":"https:\/\/cnctulua.tv\/index.php?rest_route=\/wp\/v2\/types\/post"}],"author":[{"embeddable":true,"href":"https:\/\/cnctulua.tv\/index.php?rest_route=\/wp\/v2\/users\/3"}],"replies":[{"embeddable":true,"href":"https:\/\/cnctulua.tv\/index.php?rest_route=%2Fwp%2Fv2%2Fcomments&post=35291"}],"version-history":[{"count":1,"href":"https:\/\/cnctulua.tv\/index.php?rest_route=\/wp\/v2\/posts\/35291\/revisions"}],"predecessor-version":[{"id":35293,"href":"https:\/\/cnctulua.tv\/index.php?rest_route=\/wp\/v2\/posts\/35291\/revisions\/35293"}],"wp:featuredmedia":[{"embeddable":true,"href":"https:\/\/cnctulua.tv\/index.php?rest_route=\/wp\/v2\/media\/35292"}],"wp:attachment":[{"href":"https:\/\/cnctulua.tv\/index.php?rest_route=%2Fwp%2Fv2%2Fmedia&parent=35291"}],"wp:term":[{"taxonomy":"category","embeddable":true,"href":"https:\/\/cnctulua.tv\/index.php?rest_route=%2Fwp%2Fv2%2Fcategories&post=35291"},{"taxonomy":"post_tag","embeddable":true,"href":"https:\/\/cnctulua.tv\/index.php?rest_route=%2Fwp%2Fv2%2Ftags&post=35291"}],"curies":[{"name":"wp","href":"https:\/\/api.w.org\/{rel}","templated":true}]}}