{"id":35294,"date":"2025-07-07T20:52:50","date_gmt":"2025-07-07T20:52:50","guid":{"rendered":"https:\/\/cnctulua.tv\/?p=35294"},"modified":"2025-07-07T20:52:50","modified_gmt":"2025-07-07T20:52:50","slug":"condenados-dos-hombres-por-el-crimen-de-un-lider-indigena-en-el-valle-del-cauca","status":"publish","type":"post","link":"https:\/\/cnctulua.tv\/?p=35294","title":{"rendered":"Condenados dos hombres por el crimen de un l\u00edder ind\u00edgena en el Valle del Cauca"},"content":{"rendered":"\n<p>En un fallo que busca hacer justicia ante un crimen que conmocion\u00f3 a la regi\u00f3n, un juez de conocimiento de Buga conden\u00f3 a Jefferson Andr\u00e9s Rivera Prado, alias Goyo, y Orlando de Jes\u00fas Atehort\u00faa Echeverry, alias Maicol, a 16 a\u00f1os y 9 meses de prisi\u00f3n por el homicidio del l\u00edder ind\u00edgena Luis Eduardo Timan\u00e1 Garc\u00eda. Los dos hombres, quienes aceptaron su responsabilidad a trav\u00e9s de un preacuerdo con la Fiscal\u00eda, fueron hallados culpables de los delitos de homicidio y fabricaci\u00f3n, tr\u00e1fico, porte o tenencia de armas de fuego, accesorios, partes o municiones.<\/p>\n\n\n\n<p>El crimen ocurri\u00f3 el 4 de agosto de 2023 cuando la v\u00edctima, quien se movilizaba en una motocicleta por la v\u00eda que conecta Pradera con el corregimiento de Lomitas, fue abordada y atacada con arma de fuego mientras se encontraba en total indefensi\u00f3n. Los dos procesados se acercaron al l\u00edder ind\u00edgena y, sin mediar palabra, le dispararon en repetidas ocasiones, caus\u00e1ndole la muerte en el lugar de los hechos.<\/p>\n\n\n\n<figure class=\"wp-block-embed is-type-video is-provider-youtube wp-block-embed-youtube wp-embed-aspect-16-9 wp-has-aspect-ratio\"><div class=\"wp-block-embed__wrapper\">\n<iframe loading=\"lazy\" title=\"\ud83d\udd34 Crimen de l\u00edder ind\u00edgena resuelto: Condenan a los responsables \ud83d\udd34\" width=\"640\" height=\"360\" src=\"https:\/\/www.youtube.com\/embed\/81jx9kpvJFs?feature=oembed\" frameborder=\"0\" allow=\"accelerometer; autoplay; clipboard-write; encrypted-media; gyroscope; picture-in-picture; web-share\" referrerpolicy=\"strict-origin-when-cross-origin\" allowfullscreen><\/iframe>\n<\/div><\/figure>\n\n\n\n<p>Luis Eduardo Timan\u00e1 Garc\u00eda, conocido por su incansable trabajo en defensa de los derechos de las comunidades ind\u00edgenas, se desempe\u00f1aba como gobernador mayor del cabildo del resguardado ind\u00edgena Kwet Wala en Pradera, adem\u00e1s de ser un destacado representante de las comunidades Nasa de los municipios de Pradera y Florida. Su muerte dej\u00f3 un vac\u00edo en la representaci\u00f3n de los pueblos ind\u00edgenas en la regi\u00f3n, quienes lamentaron profundamente la p\u00e9rdida de un l\u00edder comprometido con la justicia social y los derechos humanos.<\/p>\n\n\n\n<p>El proceso investigativo, liderado por la Unidad Especial de Investigaci\u00f3n (UEI) de la Fiscal\u00eda General de la Naci\u00f3n, permiti\u00f3 a las autoridades dar con los responsables del crimen. \u2018Goyo\u2019 y \u2018Maicol\u2019 fueron capturados en diciembre de 2023 en los municipios de Pradera y Palmira, respectivamente.<\/p>\n\n\n\n<figure class=\"wp-block-video\"><\/figure>\n","protected":false},"excerpt":{"rendered":"<p>En un fallo que busca hacer justicia ante un crimen que conmocion\u00f3 a la regi\u00f3n, un juez de conocimiento de Buga conden\u00f3 a Jefferson Andr\u00e9s Rivera Prado, alias Goyo, y Orlando de Jes\u00fas Atehort\u00faa Echeverry, alias Maicol, a 16 a\u00f1os y 9 meses de prisi\u00f3n por el homicidio del l\u00edder ind\u00edgena Luis Eduardo Timan\u00e1 Garc\u00eda. [&hellip;]<\/p>\n","protected":false},"author":3,"featured_media":35295,"comment_status":"open","ping_status":"open","sticky":false,"template":"","format":"video","meta":{"footnotes":""},"categories":[10],"tags":[],"class_list":["post-35294","post","type-post","status-publish","format-video","has-post-thumbnail","hentry","category-cnc-noticias-tulua","post_format-post-format-video"],"_links":{"self":[{"href":"https:\/\/cnctulua.tv\/index.php?rest_route=\/wp\/v2\/posts\/35294","targetHints":{"allow":["GET"]}}],"collection":[{"href":"https:\/\/cnctulua.tv\/index.php?rest_route=\/wp\/v2\/posts"}],"about":[{"href":"https:\/\/cnctulua.tv\/index.php?rest_route=\/wp\/v2\/types\/post"}],"author":[{"embeddable":true,"href":"https:\/\/cnctulua.tv\/index.php?rest_route=\/wp\/v2\/users\/3"}],"replies":[{"embeddable":true,"href":"https:\/\/cnctulua.tv\/index.php?rest_route=%2Fwp%2Fv2%2Fcomments&post=35294"}],"version-history":[{"count":1,"href":"https:\/\/cnctulua.tv\/index.php?rest_route=\/wp\/v2\/posts\/35294\/revisions"}],"predecessor-version":[{"id":35296,"href":"https:\/\/cnctulua.tv\/index.php?rest_route=\/wp\/v2\/posts\/35294\/revisions\/35296"}],"wp:featuredmedia":[{"embeddable":true,"href":"https:\/\/cnctulua.tv\/index.php?rest_route=\/wp\/v2\/media\/35295"}],"wp:attachment":[{"href":"https:\/\/cnctulua.tv\/index.php?rest_route=%2Fwp%2Fv2%2Fmedia&parent=35294"}],"wp:term":[{"taxonomy":"category","embeddable":true,"href":"https:\/\/cnctulua.tv\/index.php?rest_route=%2Fwp%2Fv2%2Fcategories&post=35294"},{"taxonomy":"post_tag","embeddable":true,"href":"https:\/\/cnctulua.tv\/index.php?rest_route=%2Fwp%2Fv2%2Ftags&post=35294"}],"curies":[{"name":"wp","href":"https:\/\/api.w.org\/{rel}","templated":true}]}}