{"id":35308,"date":"2025-07-08T22:14:33","date_gmt":"2025-07-08T22:14:33","guid":{"rendered":"https:\/\/cnctulua.tv\/?p=35308"},"modified":"2025-07-08T22:14:33","modified_gmt":"2025-07-08T22:14:33","slug":"capturado-alias-simon-presunto-cabecilla-de-las-disidencias-de-las-farc-en-el-valle-del-cauca","status":"publish","type":"post","link":"https:\/\/cnctulua.tv\/?p=35308","title":{"rendered":"Capturado alias \u00abSim\u00f3n\u00bb, presunto cabecilla de las disidencias de las FARC en el Valle del Cauca"},"content":{"rendered":"\n<p>Alias \u00abSim\u00f3n\u00bb, presunto cabecilla de las disidencias de las FARC en el Valle del Cauca, fue capturado en un operativo conjunto llevado a cabo en el municipio de Yotoco, gracias a un trabajo de inteligencia y seguimiento que permiti\u00f3 dar con su paradero. Este individuo, quien tiene una extensa trayectoria criminal, es se\u00f1alado de ser el principal responsable de varios homicidios y cr\u00edmenes graves en la regi\u00f3n, entre ellos el asesinato de l\u00edderes comunales y el secuestro y asesinato de dos personas en Guacar\u00ed.<\/p>\n\n\n\n<p>El Brigadier General Juan Oduber Rend\u00f3n P\u00e9rez, Comandante de la Tercera Brigada del Ej\u00e9rcito Nacional, destac\u00f3 que la captura de alias \u201cSim\u00f3n\u201d es un golpe decisivo contra las disidencias de las FARC que operan en el Valle del Cauca. \u201cEsta acci\u00f3n demuestra la eficacia del trabajo conjunto entre el Ej\u00e9rcito y la Fiscal\u00eda, as\u00ed como el despliegue continuo de operaciones que permiten desarticular las estructuras criminales que afectan la seguridad y tranquilidad de los ciudadanos\u201d, afirm\u00f3 el general.<\/p>\n\n\n\n<figure class=\"wp-block-embed is-type-video is-provider-youtube wp-block-embed-youtube wp-embed-aspect-16-9 wp-has-aspect-ratio\"><div class=\"wp-block-embed__wrapper\">\n<iframe loading=\"lazy\" title=\"Ca\u00edda de un cabecilla de las disidencias de las FARC en el Valle del Cauca\" width=\"640\" height=\"360\" src=\"https:\/\/www.youtube.com\/embed\/j40RqovkpfM?feature=oembed\" frameborder=\"0\" allow=\"accelerometer; autoplay; clipboard-write; encrypted-media; gyroscope; picture-in-picture; web-share\" referrerpolicy=\"strict-origin-when-cross-origin\" allowfullscreen><\/iframe>\n<\/div><\/figure>\n\n\n\n<p>Alias \u201cSim\u00f3n\u201d comenz\u00f3 su carrera criminal como miembro del GAO-r Ad\u00e1n Izquierdo, y tras la disoluci\u00f3n de este grupo, se uni\u00f3 a la Estructura 57 de las disidencias de las FARC, donde r\u00e1pidamente ascendi\u00f3 a cabecilla. A lo largo de su tiempo en la estructura armada, se le atribuyen numerosos cr\u00edmenes, entre ellos el asesinato de varios l\u00edderes comunales en el Valle del Cauca. Adem\u00e1s, se le vincula con el secuestro y posterior homicidio e incineraci\u00f3n de dos personas en Guacar\u00ed, quienes se negaron a pagar extorsiones, as\u00ed como con un ataque armado contra el padre de un concejal en el corregimiento La Mar\u00eda.<\/p>\n\n\n\n<p>Adem\u00e1s de la captura de alias \u201cSim\u00f3n\u201d, en una segunda acci\u00f3n desarrollada en la vereda Llano Bajo del distrito de Buenaventura, alias \u00abGael Mart\u00ednez\u00bb decidi\u00f3 someterse voluntariamente a las autoridades. Este hombre, quien habr\u00eda pertenecido a la comisi\u00f3n Dagua de la columna m\u00f3vil \u201cRicardo Vel\u00e1squez\u201d del Grupo Armado Organizado residual Estructura Jaime Mart\u00ednez, estuvo involucrado en actividades guerrilleras durante casi tres a\u00f1os como guerrillero raso. Su entrega se enmarca dentro de los esfuerzos interinstitucionales y el despliegue operacional continuo para ofrecer rutas de desmovilizaci\u00f3n y reintegraci\u00f3n a los miembros de grupos armados ilegales que deciden abandonar la violencia.<\/p>\n\n\n\n<p>El Brigadier General Rend\u00f3n agreg\u00f3 que este tipo de entregas voluntarias son el resultado del compromiso constante por parte del Ej\u00e9rcito Nacional y las autoridades para crear alternativas de reintegraci\u00f3n para los excombatientes, y que \u201ccon cada acci\u00f3n, se reduce la capacidad de los grupos armados ilegales de continuar operando en nuestra regi\u00f3n\u201d.<\/p>\n\n\n\n<p>Con la captura de alias \u201cSim\u00f3n\u201d y la entrega voluntaria de alias \u201cGael Mart\u00ednez\u201d, se da un paso importante en el debilitamiento de las disidencias de las FARC en el Valle del Cauca. Estas acciones no solo afectan las estructuras criminales, sino que tambi\u00e9n contribuyen a la pacificaci\u00f3n y a la construcci\u00f3n de una paz m\u00e1s estable en las comunidades que han sido afectadas por d\u00e9cadas de violencia.<\/p>\n\n\n\n<figure class=\"wp-block-video\"><\/figure>\n","protected":false},"excerpt":{"rendered":"<p>Alias \u00abSim\u00f3n\u00bb, presunto cabecilla de las disidencias de las FARC en el Valle del Cauca, fue capturado en un operativo conjunto llevado a cabo en el municipio de Yotoco, gracias a un trabajo de inteligencia y seguimiento que permiti\u00f3 dar con su paradero. Este individuo, quien tiene una extensa trayectoria criminal, es se\u00f1alado de ser [&hellip;]<\/p>\n","protected":false},"author":3,"featured_media":35310,"comment_status":"open","ping_status":"open","sticky":false,"template":"","format":"video","meta":{"footnotes":""},"categories":[10],"tags":[],"class_list":["post-35308","post","type-post","status-publish","format-video","has-post-thumbnail","hentry","category-cnc-noticias-tulua","post_format-post-format-video"],"_links":{"self":[{"href":"https:\/\/cnctulua.tv\/index.php?rest_route=\/wp\/v2\/posts\/35308","targetHints":{"allow":["GET"]}}],"collection":[{"href":"https:\/\/cnctulua.tv\/index.php?rest_route=\/wp\/v2\/posts"}],"about":[{"href":"https:\/\/cnctulua.tv\/index.php?rest_route=\/wp\/v2\/types\/post"}],"author":[{"embeddable":true,"href":"https:\/\/cnctulua.tv\/index.php?rest_route=\/wp\/v2\/users\/3"}],"replies":[{"embeddable":true,"href":"https:\/\/cnctulua.tv\/index.php?rest_route=%2Fwp%2Fv2%2Fcomments&post=35308"}],"version-history":[{"count":1,"href":"https:\/\/cnctulua.tv\/index.php?rest_route=\/wp\/v2\/posts\/35308\/revisions"}],"predecessor-version":[{"id":35311,"href":"https:\/\/cnctulua.tv\/index.php?rest_route=\/wp\/v2\/posts\/35308\/revisions\/35311"}],"wp:featuredmedia":[{"embeddable":true,"href":"https:\/\/cnctulua.tv\/index.php?rest_route=\/wp\/v2\/media\/35310"}],"wp:attachment":[{"href":"https:\/\/cnctulua.tv\/index.php?rest_route=%2Fwp%2Fv2%2Fmedia&parent=35308"}],"wp:term":[{"taxonomy":"category","embeddable":true,"href":"https:\/\/cnctulua.tv\/index.php?rest_route=%2Fwp%2Fv2%2Fcategories&post=35308"},{"taxonomy":"post_tag","embeddable":true,"href":"https:\/\/cnctulua.tv\/index.php?rest_route=%2Fwp%2Fv2%2Ftags&post=35308"}],"curies":[{"name":"wp","href":"https:\/\/api.w.org\/{rel}","templated":true}]}}