{"id":35312,"date":"2025-07-08T22:16:50","date_gmt":"2025-07-08T22:16:50","guid":{"rendered":"https:\/\/cnctulua.tv\/?p=35312"},"modified":"2025-07-08T22:16:50","modified_gmt":"2025-07-08T22:16:50","slug":"ola-de-violencia-azota-al-valle-del-cauca-homicidios-y-criminalidad-creciente-enlutan-la-region","status":"publish","type":"post","link":"https:\/\/cnctulua.tv\/?p=35312","title":{"rendered":"Ola de violencia azota al valle del cauca: Homicidios y criminalidad creciente enlutan la regi\u00f3n"},"content":{"rendered":"\n<p>En las \u00faltimas horas, diversos municipios del Valle del Cauca se han visto sacudidos por una ola de violencia que no cesa. Desde la zona rural de Buga hasta las calles de Tulu\u00e1, Sevilla, Zarzal, Palmira, Pradera y Cartago, los cr\u00edmenes ocurridos han dejado un rastro de sangre que mantiene en vilo a los habitantes de la regi\u00f3n. El Cuerpo T\u00e9cnico de Investigaci\u00f3n (CTI) de la Fiscal\u00eda, junto con las autoridades locales, adelantan las investigaciones pertinentes, pero los m\u00f3viles de varios de estos homicidios siguen siendo inciertos, lo que genera un clima de temor e incertidumbre en las comunidades afectadas.<\/p>\n\n\n\n<p>En Buga, espec\u00edficamente en el corregimiento de Quebrada Seca, el CTI realiz\u00f3 la inspecci\u00f3n t\u00e9cnica al cad\u00e1ver de Mario Germ\u00e1n Vald\u00e9s Castro, de 35 a\u00f1os, quien fue hallado sin vida con una herida provocada por arma de fuego. Vald\u00e9s Castro, con un extenso prontuario delictivo que inclu\u00eda delitos como concierto para delinquir, hurto y tr\u00e1fico de estupefacientes, se sum\u00f3 a la lista de v\u00edctimas de la creciente violencia en la zona rural del municipio. Las primeras versiones apuntan a que el asesinato podr\u00eda estar vinculado a una confrontaci\u00f3n entre grupos criminales, aunque las autoridades contin\u00faan con las indagaciones para esclarecer el m\u00f3vil del crimen.<\/p>\n\n\n\n<figure class=\"wp-block-embed is-type-video is-provider-youtube wp-block-embed-youtube wp-embed-aspect-16-9 wp-has-aspect-ratio\"><div class=\"wp-block-embed__wrapper\">\n<iframe loading=\"lazy\" title=\"Homicidios en el Valle del Cauca: La Violencia Crece y las autoridades a\u00fan buscan respuestas\" width=\"640\" height=\"360\" src=\"https:\/\/www.youtube.com\/embed\/2M2swE8mR0Y?feature=oembed\" frameborder=\"0\" allow=\"accelerometer; autoplay; clipboard-write; encrypted-media; gyroscope; picture-in-picture; web-share\" referrerpolicy=\"strict-origin-when-cross-origin\" allowfullscreen><\/iframe>\n<\/div><\/figure>\n\n\n\n<p>Mientras tanto, en Tulu\u00e1, espec\u00edficamente en la vereda La Alejandr\u00eda, otro asesinato ha conmocionado a la comunidad. Yonatan Stiven Jaramillo Sedas, de 26 a\u00f1os, fue encontrado muerto con m\u00faltiples impactos de bala. Aunque los investigadores a\u00fan no han definido el m\u00f3vil exacto, todo parece indicar que el crimen podr\u00eda estar relacionado con disputas territoriales entre facciones del crimen organizado que operan en la regi\u00f3n. La presencia de grupos armados ilegales, como las disidencias de las FARC, agrava la situaci\u00f3n de seguridad en el municipio, por lo que las autoridades no descartan que este asesinato haya sido un ajuste de cuentas.<\/p>\n\n\n\n<p>En Sevilla, un nuevo asesinato ocurri\u00f3 en el sector Tres Esquinas, donde Elkin Johanny G\u00f3mez Cartagena, de 34 a\u00f1os, fue hallado muerto con una herida de bala en el o\u00eddo derecho. G\u00f3mez, seg\u00fan testigos, hab\u00eda estado consumiendo bebidas alcoh\u00f3licas en el momento en que surgi\u00f3 una ri\u00f1a con otras personas, que termin\u00f3 con su tr\u00e1gica muerte. Las autoridades manejan la hip\u00f3tesis de que el m\u00f3vil podr\u00eda haber sido una disputa por intolerancia social, pero el CTI contin\u00faa con la recolecci\u00f3n de pruebas y testimonios para obtener mayores detalles sobre los hechos.<\/p>\n\n\n\n<p>Zarzal tambi\u00e9n fue escenario de violencia con un doble homicidio que enluta a la comunidad del barrio Gonzalo Echeverri. Leonor Ver\u00e1 Boh\u00f3rquez, de 70 a\u00f1os, y un menor de 16 a\u00f1os fueron asesinados a tiros en lo que parece haber sido un ataque directo. Las autoridades a\u00fan no han logrado establecer el m\u00f3vil del crimen, pero las investigaciones preliminares sugieren que podr\u00eda estar vinculado a disputas de car\u00e1cter personal o a posibles retaliaciones entre grupos criminales. El CTI est\u00e1 trabajando en la recolecci\u00f3n de evidencia para avanzar en el caso.<\/p>\n\n\n\n<p>En Palmira, el hallazgo de un cad\u00e1ver sin identificar en el barrio Las Palmeras ha generado gran inquietud entre los habitantes de la zona. La v\u00edctima, un hombre de aproximadamente 40 a\u00f1os, presentaba una herida causada por un objeto contundente, concretamente una tapa de alcantarilla. La Polic\u00eda no ha logrado identificar a\u00fan a la v\u00edctima, pero las investigaciones apuntan a que el crimen podr\u00eda estar relacionado con actividades delictivas comunes en la regi\u00f3n, como el microtr\u00e1fico. Sin embargo, los detalles del caso siguen bajo reserva y las autoridades siguen con las diligencias correspondientes.<\/p>\n\n\n\n<p>En Pradera, el municipio tambi\u00e9n vivi\u00f3 una jornada de violencia cuando Andr\u00e9s Felipe Soto, de unos 30 a\u00f1os, fue asesinado a tiros en el barrio Portal del Castillo. El hombre, que fue hallado con m\u00faltiples heridas de bala, a\u00fan no ha sido identificado por completo, y el m\u00f3vil de su asesinato sigue siendo incierto. Las autoridades no han descartado que el crimen est\u00e9 relacionado con disputas personales o ajustes de cuentas, por lo que la investigaci\u00f3n contin\u00faa en manos del CTI, que trata de esclarecer los hechos.<\/p>\n\n\n\n<p>Por \u00faltimo, en Cartago, un hombre de unos 35 a\u00f1os fue encontrado muerto en el sector Mod\u00edn, con heridas de arma de fuego y cortopunzante. La v\u00edctima a\u00fan no ha sido identificada, y las autoridades no han podido determinar el motivo detr\u00e1s del ataque. El crimen se presenta como uno de los m\u00e1s violentos de la jornada, y las autoridades han abierto una l\u00ednea de investigaci\u00f3n que se centra en el esclarecimiento del caso, aunque el contexto del crimen a\u00fan es incierto.<\/p>\n\n\n\n<figure class=\"wp-block-video\"><\/figure>\n","protected":false},"excerpt":{"rendered":"<p>En las \u00faltimas horas, diversos municipios del Valle del Cauca se han visto sacudidos por una ola de violencia que no cesa. Desde la zona rural de Buga hasta las calles de Tulu\u00e1, Sevilla, Zarzal, Palmira, Pradera y Cartago, los cr\u00edmenes ocurridos han dejado un rastro de sangre que mantiene en vilo a los habitantes [&hellip;]<\/p>\n","protected":false},"author":3,"featured_media":35313,"comment_status":"open","ping_status":"open","sticky":false,"template":"","format":"video","meta":{"footnotes":""},"categories":[10],"tags":[],"class_list":["post-35312","post","type-post","status-publish","format-video","has-post-thumbnail","hentry","category-cnc-noticias-tulua","post_format-post-format-video"],"_links":{"self":[{"href":"https:\/\/cnctulua.tv\/index.php?rest_route=\/wp\/v2\/posts\/35312","targetHints":{"allow":["GET"]}}],"collection":[{"href":"https:\/\/cnctulua.tv\/index.php?rest_route=\/wp\/v2\/posts"}],"about":[{"href":"https:\/\/cnctulua.tv\/index.php?rest_route=\/wp\/v2\/types\/post"}],"author":[{"embeddable":true,"href":"https:\/\/cnctulua.tv\/index.php?rest_route=\/wp\/v2\/users\/3"}],"replies":[{"embeddable":true,"href":"https:\/\/cnctulua.tv\/index.php?rest_route=%2Fwp%2Fv2%2Fcomments&post=35312"}],"version-history":[{"count":1,"href":"https:\/\/cnctulua.tv\/index.php?rest_route=\/wp\/v2\/posts\/35312\/revisions"}],"predecessor-version":[{"id":35314,"href":"https:\/\/cnctulua.tv\/index.php?rest_route=\/wp\/v2\/posts\/35312\/revisions\/35314"}],"wp:featuredmedia":[{"embeddable":true,"href":"https:\/\/cnctulua.tv\/index.php?rest_route=\/wp\/v2\/media\/35313"}],"wp:attachment":[{"href":"https:\/\/cnctulua.tv\/index.php?rest_route=%2Fwp%2Fv2%2Fmedia&parent=35312"}],"wp:term":[{"taxonomy":"category","embeddable":true,"href":"https:\/\/cnctulua.tv\/index.php?rest_route=%2Fwp%2Fv2%2Fcategories&post=35312"},{"taxonomy":"post_tag","embeddable":true,"href":"https:\/\/cnctulua.tv\/index.php?rest_route=%2Fwp%2Fv2%2Ftags&post=35312"}],"curies":[{"name":"wp","href":"https:\/\/api.w.org\/{rel}","templated":true}]}}