{"id":35319,"date":"2025-07-08T22:25:48","date_gmt":"2025-07-08T22:25:48","guid":{"rendered":"https:\/\/cnctulua.tv\/?p=35319"},"modified":"2025-07-08T22:25:48","modified_gmt":"2025-07-08T22:25:48","slug":"valle-del-cauca-ampliara-rango-de-vacunacion-contra-la-fiebre-amarilla-ante-el-aumento-de-casos-en-colombia","status":"publish","type":"post","link":"https:\/\/cnctulua.tv\/?p=35319","title":{"rendered":"Valle del Cauca Ampliar\u00e1 Rango de Vacunaci\u00f3n Contra la Fiebre Amarilla ante el Aumento de Casos en Colombia"},"content":{"rendered":"\n<p>La fiebre amarilla sigue siendo una amenaza en Colombia, y ante el aumento sostenido de casos confirmados y la preocupaci\u00f3n por la circulaci\u00f3n del virus, el gobierno departamental del Valle del Cauca ha decidido ampliar el rango de edad para la vacunaci\u00f3n preventiva contra esta peligrosa enfermedad. Esta medida busca proteger a la poblaci\u00f3n, especialmente a los m\u00e1s vulnerables, y evitar la propagaci\u00f3n del brote activo en el pa\u00eds.<\/p>\n\n\n\n<p>La secretaria de Salud del Valle, Mar\u00eda Cristina Lesmes, inform\u00f3 que todos los menores de entre 7 meses y 19 a\u00f1os que no se hayan vacunado previamente, deber\u00e1n recibir la vacuna de forma gratuita y oportuna. \u201cEs fundamental que todos los ni\u00f1os y adolescentes comprendidos en este rango de edad sean inmunizados. El brote de fiebre amarilla no ha sido contenido y sigue registrando un aumento de casos en varias regiones del pa\u00eds. Mejor que nuestros menores est\u00e9n protegidos y que evitemos riesgos innecesarios\u201d, afirm\u00f3 Lesmes con preocupaci\u00f3n.<\/p>\n\n\n\n<p>Pero la vacunaci\u00f3n no solo est\u00e1 dirigida a los m\u00e1s j\u00f3venes. Tambi\u00e9n se recomienda que los adultos entre 20 y 59 a\u00f1os reciban la vacuna, especialmente aquellos que no han sido vacunados en su momento o que viajen a \u00e1reas de alto riesgo. De igual forma, los infantes mayores de 9 meses que tengan planes de viajar a zonas con alto o muy alto riesgo de fiebre amarilla tambi\u00e9n deben ser inmunizados. La prevenci\u00f3n es clave, y en este caso, la vacuna se convierte en el principal escudo frente a la enfermedad.<\/p>\n\n\n\n<p>El Valle del Cauca ha habilitado diversos puntos de vacunaci\u00f3n en todos sus municipios, con especial \u00e9nfasis en las zonas rurales y en aquellos que limitan con el departamento del Tolima, donde se han reportado brotes activos de fiebre amarilla. La vacuna es completamente gratuita y est\u00e1 disponible para toda la poblaci\u00f3n que cumpla con los criterios establecidos.<\/p>\n\n\n\n<figure class=\"wp-block-embed is-type-video is-provider-youtube wp-block-embed-youtube wp-embed-aspect-16-9 wp-has-aspect-ratio\"><div class=\"wp-block-embed__wrapper\">\n<iframe loading=\"lazy\" title=\"\ud83d\udd34 Fiebre Amarilla: Aumento de Casos en Colombia y Vacunaci\u00f3n Masiva en el Valle | Noticias de Salud\" width=\"640\" height=\"360\" src=\"https:\/\/www.youtube.com\/embed\/V2szSfot1Pk?feature=oembed\" frameborder=\"0\" allow=\"accelerometer; autoplay; clipboard-write; encrypted-media; gyroscope; picture-in-picture; web-share\" referrerpolicy=\"strict-origin-when-cross-origin\" allowfullscreen><\/iframe>\n<\/div><\/figure>\n\n\n\n<p>\u201cEstamos trabajando para blindar a todo el departamento. Aplicamos el esquema de vacunaci\u00f3n del PAI (Programa Ampliado de Inmunizaci\u00f3n) en todos los municipios, pero adem\u00e1s estamos reforzando las zonas m\u00e1s expuestas, especialmente aquellas cercanas al brote activo. Queremos evitar que el virus llegue a \u00e1reas m\u00e1s densamente pobladas\u201d, concluy\u00f3 Lesmes.<\/p>\n\n\n\n<p>Esta iniciativa refuerza el compromiso de las autoridades locales por proteger la salud p\u00fablica y reducir el riesgo de contagios, en un contexto donde la fiebre amarilla contin\u00faa siendo una preocupaci\u00f3n tanto a nivel nacional como regional. Las autoridades instan a la poblaci\u00f3n a aprovechar la disponibilidad de la vacuna y acudir a los puntos de vacunaci\u00f3n de manera responsable y puntual.<\/p>\n\n\n\n<p>La fiebre amarilla es una enfermedad viral transmitida por mosquitos infectados, que puede tener consecuencias graves si no se previene adecuadamente. El llamado de las autoridades es claro: la prevenci\u00f3n es la mejor medida para evitar nuevos contagios y proteger a las futuras generaciones.<\/p>\n\n\n\n<figure class=\"wp-block-video\"><\/figure>\n","protected":false},"excerpt":{"rendered":"<p>La fiebre amarilla sigue siendo una amenaza en Colombia, y ante el aumento sostenido de casos confirmados y la preocupaci\u00f3n por la circulaci\u00f3n del virus, el gobierno departamental del Valle del Cauca ha decidido ampliar el rango de edad para la vacunaci\u00f3n preventiva contra esta peligrosa enfermedad. Esta medida busca proteger a la poblaci\u00f3n, especialmente [&hellip;]<\/p>\n","protected":false},"author":3,"featured_media":35320,"comment_status":"open","ping_status":"open","sticky":false,"template":"","format":"video","meta":{"footnotes":""},"categories":[10],"tags":[],"class_list":["post-35319","post","type-post","status-publish","format-video","has-post-thumbnail","hentry","category-cnc-noticias-tulua","post_format-post-format-video"],"_links":{"self":[{"href":"https:\/\/cnctulua.tv\/index.php?rest_route=\/wp\/v2\/posts\/35319","targetHints":{"allow":["GET"]}}],"collection":[{"href":"https:\/\/cnctulua.tv\/index.php?rest_route=\/wp\/v2\/posts"}],"about":[{"href":"https:\/\/cnctulua.tv\/index.php?rest_route=\/wp\/v2\/types\/post"}],"author":[{"embeddable":true,"href":"https:\/\/cnctulua.tv\/index.php?rest_route=\/wp\/v2\/users\/3"}],"replies":[{"embeddable":true,"href":"https:\/\/cnctulua.tv\/index.php?rest_route=%2Fwp%2Fv2%2Fcomments&post=35319"}],"version-history":[{"count":1,"href":"https:\/\/cnctulua.tv\/index.php?rest_route=\/wp\/v2\/posts\/35319\/revisions"}],"predecessor-version":[{"id":35321,"href":"https:\/\/cnctulua.tv\/index.php?rest_route=\/wp\/v2\/posts\/35319\/revisions\/35321"}],"wp:featuredmedia":[{"embeddable":true,"href":"https:\/\/cnctulua.tv\/index.php?rest_route=\/wp\/v2\/media\/35320"}],"wp:attachment":[{"href":"https:\/\/cnctulua.tv\/index.php?rest_route=%2Fwp%2Fv2%2Fmedia&parent=35319"}],"wp:term":[{"taxonomy":"category","embeddable":true,"href":"https:\/\/cnctulua.tv\/index.php?rest_route=%2Fwp%2Fv2%2Fcategories&post=35319"},{"taxonomy":"post_tag","embeddable":true,"href":"https:\/\/cnctulua.tv\/index.php?rest_route=%2Fwp%2Fv2%2Ftags&post=35319"}],"curies":[{"name":"wp","href":"https:\/\/api.w.org\/{rel}","templated":true}]}}