{"id":35328,"date":"2025-07-08T22:31:35","date_gmt":"2025-07-08T22:31:35","guid":{"rendered":"https:\/\/cnctulua.tv\/?p=35328"},"modified":"2025-07-08T22:31:35","modified_gmt":"2025-07-08T22:31:35","slug":"rescate-en-el-pacifico-13-personas-incluyendo-un-menor-de-edad-son-recuperadas-tras-robo-de-embarcacion-en-buenaventura","status":"publish","type":"post","link":"https:\/\/cnctulua.tv\/?p=35328","title":{"rendered":"Rescate en el Pac\u00edfico: 13 personas, incluyendo un menor de edad, son recuperadas tras robo de embarcaci\u00f3n en Buenaventura"},"content":{"rendered":"\n<p>El pasado fin de semana, un incidente en el corregimiento Baz\u00e1n Bocana, en el Distrito Especial de Buenaventura, desat\u00f3 una operaci\u00f3n de b\u00fasqueda y rescate que culmin\u00f3 con el rescate de 13 personas, entre ellas un menor de edad, que hab\u00edan sido abandonadas tras el robo de la embarcaci\u00f3n \u201cExpresso Do\u00f1a Ara\u201d. Los pasajeros, que viajaban con los permisos pertinentes y llevaban v\u00edveres y provisiones hacia la comunidad de L\u00f3pez de Micay, en el Cauca, fueron v\u00edctimas de un asalto por parte de sujetos armados presuntamente vinculados a grupos de delincuencia com\u00fan.<\/p>\n\n\n\n<p>La situaci\u00f3n fue reportada a la Central de Polic\u00eda de Buenaventura, que activ\u00f3 la alerta en la l\u00ednea de emergencias de Guardacostas del Pac\u00edfico. De inmediato, las Unidades de Reacci\u00f3n R\u00e1pida (URR) de la Estaci\u00f3n de Guardacostas de Buenaventura fueron desplegadas hacia el sector conocido como \u201cLa Playita\u201d en la bah\u00eda interna del puerto, iniciando de forma inmediata las labores de b\u00fasqueda y rescate.<\/p>\n\n\n\n<figure class=\"wp-block-embed is-type-video is-provider-youtube wp-block-embed-youtube wp-embed-aspect-16-9 wp-has-aspect-ratio\"><div class=\"wp-block-embed__wrapper\">\n<iframe loading=\"lazy\" title=\"Rescate en Buenaventura: 13 personas liberadas tras el robo de una embarcaci\u00f3n\" width=\"640\" height=\"360\" src=\"https:\/\/www.youtube.com\/embed\/Ok2bxZdmirk?feature=oembed\" frameborder=\"0\" allow=\"accelerometer; autoplay; clipboard-write; encrypted-media; gyroscope; picture-in-picture; web-share\" referrerpolicy=\"strict-origin-when-cross-origin\" allowfullscreen><\/iframe>\n<\/div><\/figure>\n\n\n\n<p>Seg\u00fan los informes, los delincuentes abordaron la embarcaci\u00f3n de manera ilegal, amenazando a los tripulantes, despoj\u00e1ndolos de sus pertenencias y dejando a las v\u00edctimas a su suerte en un sector aislado. Despu\u00e9s de intensas horas de trabajo, las autoridades lograron localizar a las v\u00edctimas, brindarles atenci\u00f3n primaria y garantizar su traslado a un lugar seguro.<\/p>\n\n\n\n<p>Este incidente resalta nuevamente la creciente preocupaci\u00f3n sobre la seguridad en las aguas del Pac\u00edfico colombiano, donde grupos delictivos contin\u00faan operando en zonas de dif\u00edcil acceso. Las autoridades contin\u00faan con las investigaciones para dar con los responsables de este ataque y evitar que m\u00e1s incidentes de este tipo ocurran.<\/p>\n\n\n\n<p>Las autoridades locales han reafirmado su compromiso con la seguridad de los habitantes de la regi\u00f3n y la protecci\u00f3n de la vida humana en el mar. Adem\u00e1s, las fuerzas de seguridad mantienen operaciones de control territorial y ofensivas para combatir las actividades ilegales en el Pac\u00edfico colombiano, con el fin de garantizar la tranquilidad y bienestar de la poblaci\u00f3n civil.<\/p>\n\n\n\n<figure class=\"wp-block-video\"><\/figure>\n","protected":false},"excerpt":{"rendered":"<p>El pasado fin de semana, un incidente en el corregimiento Baz\u00e1n Bocana, en el Distrito Especial de Buenaventura, desat\u00f3 una operaci\u00f3n de b\u00fasqueda y rescate que culmin\u00f3 con el rescate de 13 personas, entre ellas un menor de edad, que hab\u00edan sido abandonadas tras el robo de la embarcaci\u00f3n \u201cExpresso Do\u00f1a Ara\u201d. Los pasajeros, que [&hellip;]<\/p>\n","protected":false},"author":3,"featured_media":35329,"comment_status":"open","ping_status":"open","sticky":false,"template":"","format":"video","meta":{"footnotes":""},"categories":[10],"tags":[],"class_list":["post-35328","post","type-post","status-publish","format-video","has-post-thumbnail","hentry","category-cnc-noticias-tulua","post_format-post-format-video"],"_links":{"self":[{"href":"https:\/\/cnctulua.tv\/index.php?rest_route=\/wp\/v2\/posts\/35328","targetHints":{"allow":["GET"]}}],"collection":[{"href":"https:\/\/cnctulua.tv\/index.php?rest_route=\/wp\/v2\/posts"}],"about":[{"href":"https:\/\/cnctulua.tv\/index.php?rest_route=\/wp\/v2\/types\/post"}],"author":[{"embeddable":true,"href":"https:\/\/cnctulua.tv\/index.php?rest_route=\/wp\/v2\/users\/3"}],"replies":[{"embeddable":true,"href":"https:\/\/cnctulua.tv\/index.php?rest_route=%2Fwp%2Fv2%2Fcomments&post=35328"}],"version-history":[{"count":1,"href":"https:\/\/cnctulua.tv\/index.php?rest_route=\/wp\/v2\/posts\/35328\/revisions"}],"predecessor-version":[{"id":35330,"href":"https:\/\/cnctulua.tv\/index.php?rest_route=\/wp\/v2\/posts\/35328\/revisions\/35330"}],"wp:featuredmedia":[{"embeddable":true,"href":"https:\/\/cnctulua.tv\/index.php?rest_route=\/wp\/v2\/media\/35329"}],"wp:attachment":[{"href":"https:\/\/cnctulua.tv\/index.php?rest_route=%2Fwp%2Fv2%2Fmedia&parent=35328"}],"wp:term":[{"taxonomy":"category","embeddable":true,"href":"https:\/\/cnctulua.tv\/index.php?rest_route=%2Fwp%2Fv2%2Fcategories&post=35328"},{"taxonomy":"post_tag","embeddable":true,"href":"https:\/\/cnctulua.tv\/index.php?rest_route=%2Fwp%2Fv2%2Ftags&post=35328"}],"curies":[{"name":"wp","href":"https:\/\/api.w.org\/{rel}","templated":true}]}}