{"id":35337,"date":"2025-07-08T22:42:59","date_gmt":"2025-07-08T22:42:59","guid":{"rendered":"https:\/\/cnctulua.tv\/?p=35337"},"modified":"2025-07-08T22:42:59","modified_gmt":"2025-07-08T22:42:59","slug":"medidas-de-seguridad-en-tulua-vias-parcialmente-abiertas-y-otras-restricciones-vigentes","status":"publish","type":"post","link":"https:\/\/cnctulua.tv\/?p=35337","title":{"rendered":"Medidas de seguridad en Tulu\u00e1: V\u00edas parcialmente abiertas y otras restricciones vigentes"},"content":{"rendered":"\n<p>En un proceso gradual de desmonte de medidas de seguridad, Tulu\u00e1 comienza a recuperar la normalidad en sus principales v\u00edas. Tras la implementaci\u00f3n de restricciones preventivas debido a amenazas de grupos armados, principalmente las disidencias de las FARC, las autoridades locales han iniciado la reapertura de las v\u00edas, aunque algunos tramos seguir\u00e1n cerrados en horas nocturnas como parte de las acciones para garantizar la seguridad en la regi\u00f3n.<\/p>\n\n\n\n<p>El Secretario de Gobierno de Tulu\u00e1, Jos\u00e9 Mart\u00edn Hincapi\u00e9 \u00c1lvarez, explic\u00f3 que las medidas adoptadas hace algunas semanas, en respuesta a las amenazas contra instalaciones de la fuerza p\u00fablica y centros penitenciarios, no fueron producto de hechos violentos en el municipio, sino de una intervenci\u00f3n preventiva frente a las alertas de seguridad a nivel nacional. A pesar de que algunos municipios del Valle del Cauca experimentaron hechos de violencia, Tulu\u00e1 no fue uno de los focos de estos sucesos, lo que permiti\u00f3 que las restricciones fueran levantadas paulatinamente.<\/p>\n\n\n\n<figure class=\"wp-block-embed is-type-video is-provider-youtube wp-block-embed-youtube wp-embed-aspect-16-9 wp-has-aspect-ratio\"><div class=\"wp-block-embed__wrapper\">\n<iframe loading=\"lazy\" title=\"\ud83d\udd12 Restricciones viales en Tulu\u00e1: Medidas de seguridad en tiempos de alerta \ud83d\udd13\" width=\"640\" height=\"360\" src=\"https:\/\/www.youtube.com\/embed\/ytGXZsDSjPU?feature=oembed\" frameborder=\"0\" allow=\"accelerometer; autoplay; clipboard-write; encrypted-media; gyroscope; picture-in-picture; web-share\" referrerpolicy=\"strict-origin-when-cross-origin\" allowfullscreen><\/iframe>\n<\/div><\/figure>\n\n\n\n<p>Las v\u00edas cercanas al comando de estaci\u00f3n de polic\u00eda y el centro penitenciario de mediana seguridad continuar\u00e1n con restricciones parciales. En particular, la v\u00eda 15 y la v\u00eda paralela al centro penitenciario seguir\u00e1n cerradas entre las 8:00 p.m. y las 6:00 a.m. para prevenir riesgos asociados a la seguridad. Estas medidas, que hab\u00edan generado inquietud entre los ciudadanos, estar\u00e1n vigentes hasta la pr\u00f3xima semana, momento en el que se har\u00e1 una nueva evaluaci\u00f3n de la situaci\u00f3n para determinar si se contin\u00faan o se levantan.<\/p>\n\n\n\n<p>El impacto de los cierres viales ha sido uno de los temas m\u00e1s comentados por los habitantes del municipio. En particular, los comerciantes han manifestado preocupaci\u00f3n por las afectaciones en la movilidad y el comercio local, dado que los cierres afectaron el flujo de personas y veh\u00edculos en algunos puntos estrat\u00e9gicos de la ciudad. Hincapi\u00e9 \u00c1lvarez reconoci\u00f3 estos inconvenientes, pero insisti\u00f3 en que las restricciones fueron una medida temporal necesaria para garantizar la seguridad y bienestar de la poblaci\u00f3n. \u201cLo m\u00e1s importante es que no se ha afectado la vida e integridad de ninguna persona\u201d, afirm\u00f3 el Secretario.<\/p>\n\n\n\n<p>Por otro lado, algunas restricciones adicionales, como la prohibici\u00f3n de venta de combustible en recipientes no autorizados, contin\u00faan vigentes y se mantendr\u00e1n hasta la pr\u00f3xima semana. Esta medida busca prevenir situaciones de riesgo asociadas al almacenamiento y transporte de combustibles de manera ilegal.<\/p>\n\n\n\n<p>El desmonte gradual de las restricciones en Tulu\u00e1 refleja el esfuerzo por equilibrar la seguridad p\u00fablica con la normalidad de la vida cotidiana. Las autoridades municipales contin\u00faan trabajando en conjunto con las fuerzas del orden para evaluar constantemente la situaci\u00f3n y, en caso de ser necesario, ajustar las medidas para seguir protegiendo a los ciudadanos.<\/p>\n\n\n\n<figure class=\"wp-block-video\"><\/figure>\n","protected":false},"excerpt":{"rendered":"<p>En un proceso gradual de desmonte de medidas de seguridad, Tulu\u00e1 comienza a recuperar la normalidad en sus principales v\u00edas. Tras la implementaci\u00f3n de restricciones preventivas debido a amenazas de grupos armados, principalmente las disidencias de las FARC, las autoridades locales han iniciado la reapertura de las v\u00edas, aunque algunos tramos seguir\u00e1n cerrados en horas [&hellip;]<\/p>\n","protected":false},"author":3,"featured_media":35338,"comment_status":"open","ping_status":"open","sticky":false,"template":"","format":"video","meta":{"footnotes":""},"categories":[10],"tags":[],"class_list":["post-35337","post","type-post","status-publish","format-video","has-post-thumbnail","hentry","category-cnc-noticias-tulua","post_format-post-format-video"],"_links":{"self":[{"href":"https:\/\/cnctulua.tv\/index.php?rest_route=\/wp\/v2\/posts\/35337","targetHints":{"allow":["GET"]}}],"collection":[{"href":"https:\/\/cnctulua.tv\/index.php?rest_route=\/wp\/v2\/posts"}],"about":[{"href":"https:\/\/cnctulua.tv\/index.php?rest_route=\/wp\/v2\/types\/post"}],"author":[{"embeddable":true,"href":"https:\/\/cnctulua.tv\/index.php?rest_route=\/wp\/v2\/users\/3"}],"replies":[{"embeddable":true,"href":"https:\/\/cnctulua.tv\/index.php?rest_route=%2Fwp%2Fv2%2Fcomments&post=35337"}],"version-history":[{"count":1,"href":"https:\/\/cnctulua.tv\/index.php?rest_route=\/wp\/v2\/posts\/35337\/revisions"}],"predecessor-version":[{"id":35339,"href":"https:\/\/cnctulua.tv\/index.php?rest_route=\/wp\/v2\/posts\/35337\/revisions\/35339"}],"wp:featuredmedia":[{"embeddable":true,"href":"https:\/\/cnctulua.tv\/index.php?rest_route=\/wp\/v2\/media\/35338"}],"wp:attachment":[{"href":"https:\/\/cnctulua.tv\/index.php?rest_route=%2Fwp%2Fv2%2Fmedia&parent=35337"}],"wp:term":[{"taxonomy":"category","embeddable":true,"href":"https:\/\/cnctulua.tv\/index.php?rest_route=%2Fwp%2Fv2%2Fcategories&post=35337"},{"taxonomy":"post_tag","embeddable":true,"href":"https:\/\/cnctulua.tv\/index.php?rest_route=%2Fwp%2Fv2%2Ftags&post=35337"}],"curies":[{"name":"wp","href":"https:\/\/api.w.org\/{rel}","templated":true}]}}