{"id":35340,"date":"2025-07-08T22:51:02","date_gmt":"2025-07-08T22:51:02","guid":{"rendered":"https:\/\/cnctulua.tv\/?p=35340"},"modified":"2025-07-08T22:51:02","modified_gmt":"2025-07-08T22:51:02","slug":"buenaventura-fortalece-su-seguridad-con-la-llegada-del-bloque-de-busqueda-para-combatir-el-crimen-organizado","status":"publish","type":"post","link":"https:\/\/cnctulua.tv\/?p=35340","title":{"rendered":"Buenaventura Fortalece su Seguridad con la Llegada del Bloque de B\u00fasqueda para Combatir el Crimen Organizado"},"content":{"rendered":"\n<p>La gobernadora del Valle del Cauca, Dilian Francisca Toro, anunci\u00f3 el despliegue del Bloque de B\u00fasqueda en Buenaventura, como parte de un esfuerzo estrat\u00e9gico para desarticular las organizaciones delincuenciales que afectan la tranquilidad y seguridad de los bonaverenses. Este bloque de b\u00fasqueda, que ya ha trabajado en la zona sur del Valle y en el \u00e1rea metropolitana de Cali, se centrar\u00e1 en la captura de los principales cabecillas de las bandas criminales que operan en la regi\u00f3n.<\/p>\n\n\n\n<p>Durante un consejo de seguridad, la mandataria explic\u00f3 que este nuevo despliegue de fuerzas tiene como objetivo fortalecer las acciones de inteligencia, que permitir\u00e1n dar con los l\u00edderes de estos grupos delictivos que est\u00e1n generando un clima de violencia e inseguridad en el puerto. \u201cEl Bloque de B\u00fasqueda que se ha instaurado en Cali y en el \u00e1rea metropolitana, para esclarecer los actos de terrorismo, ahora estar\u00e1 aqu\u00ed en Buenaventura para realizar un trabajo de inteligencia y capturar a las m\u00e1ximas cabecillas que est\u00e1n afectando la seguridad de la ciudad\u201d, expres\u00f3 la Gobernadora.<\/p>\n\n\n\n<figure class=\"wp-block-embed is-type-video is-provider-youtube wp-block-embed-youtube wp-embed-aspect-16-9 wp-has-aspect-ratio\"><div class=\"wp-block-embed__wrapper\">\n<iframe loading=\"lazy\" title=\"\ud83d\ude94 Bloque de B\u00fasqueda en Buenaventura: Plan para desarticular el crimen organizado\" width=\"640\" height=\"360\" src=\"https:\/\/www.youtube.com\/embed\/rNHeYmgVLtQ?feature=oembed\" frameborder=\"0\" allow=\"accelerometer; autoplay; clipboard-write; encrypted-media; gyroscope; picture-in-picture; web-share\" referrerpolicy=\"strict-origin-when-cross-origin\" allowfullscreen><\/iframe>\n<\/div><\/figure>\n\n\n\n<p>Adem\u00e1s del Bloque de B\u00fasqueda, se ha previsto el aumento del pie de fuerza en las comunas 10 y 12 de Buenaventura, zonas identificadas como puntos cr\u00edticos de conflicto. La Gobernadora destac\u00f3 que se fortalecer\u00e1 la articulaci\u00f3n entre la Polic\u00eda, la Armada, el Ej\u00e9rcito y el Bloque de B\u00fasqueda, con el fin de garantizar un trabajo coordinado y efectivo en la lucha contra las bandas criminales. Este esfuerzo no solo busca reducir la criminalidad, sino tambi\u00e9n proteger a los habitantes de la zona, especialmente a los trabajadores del sector portuario que han sido v\u00edctimas de extorsiones.<\/p>\n\n\n\n<p>\u201cEl trabajo de seguridad es clave, especialmente para proteger a quienes transportan insumos vitales para el Pac\u00edfico colombiano, que han sido extorsionados en el muelle\u201d, agreg\u00f3 Toro, refiri\u00e9ndose a los operadores de las lanchas de cabotaje, esenciales para el abastecimiento de la regi\u00f3n.<\/p>\n\n\n\n<p>Durante la reuni\u00f3n, se dio a conocer la captura de alias &#8216;Guacho&#8217;, quien se encontraba al mando de las extorsiones a empresarios del turismo en Buenaventura. La Gobernadora resalt\u00f3 la importancia de este logro como un reflejo del trabajo articulado entre las diferentes fuerzas de seguridad para garantizar la tranquilidad de los bonaverenses.<\/p>\n\n\n\n<p>Adem\u00e1s, Toro record\u00f3 que sigue activa la bolsa de recompensa de hasta $200 millones para aquellas personas que proporcionen informaci\u00f3n clave que permita la captura de quienes est\u00e1n detr\u00e1s de los cr\u00edmenes en la ciudad, como homicidios, extorsiones, secuestros y hurtos. \u201cEsperamos que la comunidad de Buenaventura nos apoye para lograr capturar a estas personas y devolverles la seguridad que merecen\u201d, dijo la mandataria.<\/p>\n\n\n\n<p>Durante su visita a Buenaventura, la Gobernadora tambi\u00e9n realiz\u00f3 el lanzamiento del Plan de Seguridad Vacacional, destinado a reforzar las medidas de seguridad durante la temporada de descanso. Adem\u00e1s, se entregaron bonos del programa \u2018Fuerza Joven\u2019, se inauguraron obras deportivas y se entreg\u00f3 el Galard\u00f3n de la Mujer Vallecaucana, reconociendo el papel fundamental de las mujeres en la construcci\u00f3n de una sociedad m\u00e1s segura y solidaria.<\/p>\n\n\n\n<p>Con este conjunto de medidas, el gobierno departamental refuerza su compromiso con la seguridad y el bienestar de los ciudadanos de Buenaventura, en un esfuerzo por reducir la criminalidad y mejorar la calidad de vida en la regi\u00f3n.<\/p>\n\n\n\n<figure class=\"wp-block-video\"><\/figure>\n","protected":false},"excerpt":{"rendered":"<p>La gobernadora del Valle del Cauca, Dilian Francisca Toro, anunci\u00f3 el despliegue del Bloque de B\u00fasqueda en Buenaventura, como parte de un esfuerzo estrat\u00e9gico para desarticular las organizaciones delincuenciales que afectan la tranquilidad y seguridad de los bonaverenses. Este bloque de b\u00fasqueda, que ya ha trabajado en la zona sur del Valle y en el [&hellip;]<\/p>\n","protected":false},"author":3,"featured_media":35341,"comment_status":"open","ping_status":"open","sticky":false,"template":"","format":"video","meta":{"footnotes":""},"categories":[10],"tags":[],"class_list":["post-35340","post","type-post","status-publish","format-video","has-post-thumbnail","hentry","category-cnc-noticias-tulua","post_format-post-format-video"],"_links":{"self":[{"href":"https:\/\/cnctulua.tv\/index.php?rest_route=\/wp\/v2\/posts\/35340","targetHints":{"allow":["GET"]}}],"collection":[{"href":"https:\/\/cnctulua.tv\/index.php?rest_route=\/wp\/v2\/posts"}],"about":[{"href":"https:\/\/cnctulua.tv\/index.php?rest_route=\/wp\/v2\/types\/post"}],"author":[{"embeddable":true,"href":"https:\/\/cnctulua.tv\/index.php?rest_route=\/wp\/v2\/users\/3"}],"replies":[{"embeddable":true,"href":"https:\/\/cnctulua.tv\/index.php?rest_route=%2Fwp%2Fv2%2Fcomments&post=35340"}],"version-history":[{"count":1,"href":"https:\/\/cnctulua.tv\/index.php?rest_route=\/wp\/v2\/posts\/35340\/revisions"}],"predecessor-version":[{"id":35342,"href":"https:\/\/cnctulua.tv\/index.php?rest_route=\/wp\/v2\/posts\/35340\/revisions\/35342"}],"wp:featuredmedia":[{"embeddable":true,"href":"https:\/\/cnctulua.tv\/index.php?rest_route=\/wp\/v2\/media\/35341"}],"wp:attachment":[{"href":"https:\/\/cnctulua.tv\/index.php?rest_route=%2Fwp%2Fv2%2Fmedia&parent=35340"}],"wp:term":[{"taxonomy":"category","embeddable":true,"href":"https:\/\/cnctulua.tv\/index.php?rest_route=%2Fwp%2Fv2%2Fcategories&post=35340"},{"taxonomy":"post_tag","embeddable":true,"href":"https:\/\/cnctulua.tv\/index.php?rest_route=%2Fwp%2Fv2%2Ftags&post=35340"}],"curies":[{"name":"wp","href":"https:\/\/api.w.org\/{rel}","templated":true}]}}