{"id":35349,"date":"2025-07-10T19:07:56","date_gmt":"2025-07-10T19:07:56","guid":{"rendered":"https:\/\/cnctulua.tv\/?p=35349"},"modified":"2025-07-10T19:07:56","modified_gmt":"2025-07-10T19:07:56","slug":"vendaval-afecta-varias-viviendas-en-zona-rural-de-trujillo-valle-del-cauca","status":"publish","type":"post","link":"https:\/\/cnctulua.tv\/?p=35349","title":{"rendered":"Vendaval afecta varias viviendas en zona rural de Trujillo, Valle del Cauca"},"content":{"rendered":"\n<p>El pasado mi\u00e9rcoles 9 de junio, un fuerte vendaval sorprendi\u00f3 a los habitantes de las veredas <strong>La Marina<\/strong> y <strong>La Cir\u00eda<\/strong>, ubicadas en la zona rural de <strong>Trujillo, Valle del Cauca<\/strong>. El fen\u00f3meno natural dej\u00f3 una serie de da\u00f1os materiales, afectando gravemente la infraestructura local. Postes de electricidad, crucetas y cultivos fueron severamente da\u00f1ados, adem\u00e1s de varias viviendas que quedaron sin techo. Afortunadamente, no se registraron v\u00edctimas mortales, aunque los impactos materiales fueron significativos.<\/p>\n\n\n\n<figure class=\"wp-block-embed is-type-video is-provider-youtube wp-block-embed-youtube wp-embed-aspect-16-9 wp-has-aspect-ratio\"><div class=\"wp-block-embed__wrapper\">\n<iframe loading=\"lazy\" title=\"\ud83c\udf2c\ufe0f Vendaval golpea Trujillo: Da\u00f1os materiales y esfuerzo comunitario para superar la crisis \ud83c\udfda\ufe0f\" width=\"640\" height=\"360\" src=\"https:\/\/www.youtube.com\/embed\/d1x_zffjRQg?feature=oembed\" frameborder=\"0\" allow=\"accelerometer; autoplay; clipboard-write; encrypted-media; gyroscope; picture-in-picture; web-share\" referrerpolicy=\"strict-origin-when-cross-origin\" allowfullscreen><\/iframe>\n<\/div><\/figure>\n\n\n\n<p>Seg\u00fan el Alcalde de Trujillo, <strong>Jos\u00e9 Luis Duque Casta\u00f1o<\/strong>, desde el primer momento se activ\u00f3 un plan de emergencia en conjunto con la Oficina de Gesti\u00f3n del Riesgo de Desastres. \u00abAunque el vendaval no dej\u00f3 v\u00edctimas fatales, los da\u00f1os materiales son considerables. Las viviendas destechadas y los cultivos arrasados representan un gran reto para la comunidad\u00bb, explic\u00f3 el mandatario local.<\/p>\n\n\n\n<p>El vendaval tambi\u00e9n <strong>afect\u00f3 las l\u00edneas el\u00e9ctricas<\/strong> en la zona, dejando a varias familias sin suministro de energ\u00eda. La ca\u00edda de \u00e1rboles y el bloqueo de v\u00edas principales dificultaron el acceso a las zonas afectadas, lo que retras\u00f3 los trabajos de respuesta. Sin embargo, los esfuerzos para restaurar el suministro el\u00e9ctrico y liberar las rutas de acceso contin\u00faan siendo prioridad para las autoridades locales.<\/p>\n\n\n\n<p>La administraci\u00f3n municipal ya ha iniciado un censo de da\u00f1os en colaboraci\u00f3n con los organismos de gesti\u00f3n de riesgo para determinar el alcance exacto de los perjuicios y coordinar la entrega de ayudas humanitarias a las familias afectadas. <strong>La atenci\u00f3n prioritaria<\/strong> se est\u00e1 enfocando en los hogares m\u00e1s vulnerables, as\u00ed como en los agricultores que perdieron sus cultivos.<\/p>\n\n\n\n<p>Adem\u00e1s, el alcalde resalt\u00f3 la importancia de la solidaridad en momentos de crisis: \u00abNuestro compromiso es con la gente de Trujillo. <strong>Estamos trabajando de manera articulada<\/strong> para llevar ayuda a quienes m\u00e1s lo necesitan y para garantizar que la comunidad se recupere lo antes posible.\u00bb<\/p>\n\n\n\n<p>A medida que las autoridades locales contin\u00faan evaluando los da\u00f1os y coordinando las ayudas, se mantiene un llamado a la poblaci\u00f3n para que <strong>se mantengan alertas ante posibles nuevas emergencias<\/strong>, ya que el clima en la regi\u00f3n sigue siendo inestable.<\/p>\n\n\n\n<figure class=\"wp-block-image size-large\"><img loading=\"lazy\" decoding=\"async\" width=\"576\" height=\"1024\" src=\"https:\/\/cnctulua.tv\/wp-content\/uploads\/2025\/07\/apoyos-vendaval-en-Trujillo-1-576x1024.jpeg\" alt=\"\" class=\"wp-image-35350\" srcset=\"https:\/\/cnctulua.tv\/wp-content\/uploads\/2025\/07\/apoyos-vendaval-en-Trujillo-1-576x1024.jpeg 576w, https:\/\/cnctulua.tv\/wp-content\/uploads\/2025\/07\/apoyos-vendaval-en-Trujillo-1-169x300.jpeg 169w, https:\/\/cnctulua.tv\/wp-content\/uploads\/2025\/07\/apoyos-vendaval-en-Trujillo-1.jpeg 720w\" sizes=\"auto, (max-width: 576px) 100vw, 576px\" \/><\/figure>\n\n\n\n<figure class=\"wp-block-video\"><\/figure>\n","protected":false},"excerpt":{"rendered":"<p>El pasado mi\u00e9rcoles 9 de junio, un fuerte vendaval sorprendi\u00f3 a los habitantes de las veredas La Marina y La Cir\u00eda, ubicadas en la zona rural de Trujillo, Valle del Cauca. El fen\u00f3meno natural dej\u00f3 una serie de da\u00f1os materiales, afectando gravemente la infraestructura local. Postes de electricidad, crucetas y cultivos fueron severamente da\u00f1ados, adem\u00e1s [&hellip;]<\/p>\n","protected":false},"author":3,"featured_media":35351,"comment_status":"open","ping_status":"open","sticky":false,"template":"","format":"video","meta":{"footnotes":""},"categories":[10],"tags":[1582],"class_list":["post-35349","post","type-post","status-publish","format-video","has-post-thumbnail","hentry","category-cnc-noticias-tulua","tag-trujillovendaval","post_format-post-format-video"],"_links":{"self":[{"href":"https:\/\/cnctulua.tv\/index.php?rest_route=\/wp\/v2\/posts\/35349","targetHints":{"allow":["GET"]}}],"collection":[{"href":"https:\/\/cnctulua.tv\/index.php?rest_route=\/wp\/v2\/posts"}],"about":[{"href":"https:\/\/cnctulua.tv\/index.php?rest_route=\/wp\/v2\/types\/post"}],"author":[{"embeddable":true,"href":"https:\/\/cnctulua.tv\/index.php?rest_route=\/wp\/v2\/users\/3"}],"replies":[{"embeddable":true,"href":"https:\/\/cnctulua.tv\/index.php?rest_route=%2Fwp%2Fv2%2Fcomments&post=35349"}],"version-history":[{"count":1,"href":"https:\/\/cnctulua.tv\/index.php?rest_route=\/wp\/v2\/posts\/35349\/revisions"}],"predecessor-version":[{"id":35352,"href":"https:\/\/cnctulua.tv\/index.php?rest_route=\/wp\/v2\/posts\/35349\/revisions\/35352"}],"wp:featuredmedia":[{"embeddable":true,"href":"https:\/\/cnctulua.tv\/index.php?rest_route=\/wp\/v2\/media\/35351"}],"wp:attachment":[{"href":"https:\/\/cnctulua.tv\/index.php?rest_route=%2Fwp%2Fv2%2Fmedia&parent=35349"}],"wp:term":[{"taxonomy":"category","embeddable":true,"href":"https:\/\/cnctulua.tv\/index.php?rest_route=%2Fwp%2Fv2%2Fcategories&post=35349"},{"taxonomy":"post_tag","embeddable":true,"href":"https:\/\/cnctulua.tv\/index.php?rest_route=%2Fwp%2Fv2%2Ftags&post=35349"}],"curies":[{"name":"wp","href":"https:\/\/api.w.org\/{rel}","templated":true}]}}