{"id":35366,"date":"2025-07-18T03:07:00","date_gmt":"2025-07-18T03:07:00","guid":{"rendered":"https:\/\/cnctulua.tv\/?p=35366"},"modified":"2025-07-18T03:07:00","modified_gmt":"2025-07-18T03:07:00","slug":"capturados-en-riofrio-alias-menor-y-crespo-vinculados-al-clan-del-golfo","status":"publish","type":"post","link":"https:\/\/cnctulua.tv\/?p=35366","title":{"rendered":"Capturados en Riofr\u00edo: Alias &#8216;Menor&#8217; y &#8216;Crespo&#8217;, vinculados al Clan del Golfo"},"content":{"rendered":"\n<p>Riofr\u00edo, Valle del Cauca \u2013 En un operativo de seguridad realizado en el municipio de Riofr\u00edo, la Polic\u00eda Nacional logr\u00f3 la captura de dos hombres identificados como alias \u2018Menor\u2019 y alias \u2018Crespo\u2019, quienes estar\u00edan vinculados con el <strong>grupo armado organizado \u2018Clan del Golfo\u2019. Los sujetos, de 21 y 23 a\u00f1os <\/strong>respectivamente, fueron detenidos cuando se encontraban en posesi\u00f3n de armas de fuego, lo que refuerza su presunta participaci\u00f3n en actividades violentas en la regi\u00f3n.<\/p>\n\n\n\n<figure class=\"wp-block-image size-large\"><img loading=\"lazy\" decoding=\"async\" width=\"1024\" height=\"768\" src=\"https:\/\/cnctulua.tv\/wp-content\/uploads\/2025\/07\/CAPTURADOS-EN-RIOFRIO-CON-ARMAS-Y-MUNICION-1024x768.jpeg\" alt=\"\" class=\"wp-image-35367\" srcset=\"https:\/\/cnctulua.tv\/wp-content\/uploads\/2025\/07\/CAPTURADOS-EN-RIOFRIO-CON-ARMAS-Y-MUNICION-1024x768.jpeg 1024w, https:\/\/cnctulua.tv\/wp-content\/uploads\/2025\/07\/CAPTURADOS-EN-RIOFRIO-CON-ARMAS-Y-MUNICION-300x225.jpeg 300w, https:\/\/cnctulua.tv\/wp-content\/uploads\/2025\/07\/CAPTURADOS-EN-RIOFRIO-CON-ARMAS-Y-MUNICION-768x576.jpeg 768w, https:\/\/cnctulua.tv\/wp-content\/uploads\/2025\/07\/CAPTURADOS-EN-RIOFRIO-CON-ARMAS-Y-MUNICION-1536x1152.jpeg 1536w, https:\/\/cnctulua.tv\/wp-content\/uploads\/2025\/07\/CAPTURADOS-EN-RIOFRIO-CON-ARMAS-Y-MUNICION.jpeg 1600w\" sizes=\"auto, (max-width: 1024px) 100vw, 1024px\" \/><\/figure>\n\n\n\n<p><strong>Alias \u2018Crespo\u2019, de 23 a\u00f1os,<\/strong> es considerado un miembro clave de esta estructura criminal, se\u00f1alado como un dinamizador de homicidios y responsable de coordinar hechos violentos en la zona. Su vinculaci\u00f3n con el \u2018Clan del Golfo\u2019 lo ha colocado en el radar de las autoridades, ya que este grupo armado ha sido identificado como uno de los principales responsables de la violencia en el Valle del Cauca y otras regiones del pa\u00eds.<\/p>\n\n\n\n<p>Por su parte,<strong> alias \u2018Menor\u2019, con apenas 21 a\u00f1os,<\/strong> tambi\u00e9n presenta antecedentes delictivos vinculados a esta organizaci\u00f3n, aunque su papel dentro de la estructura a\u00fan est\u00e1 siendo investigado. A pesar de su corta edad, su implicaci\u00f3n en actividades ilegales muestra la creciente presencia del crimen organizado en comunidades vulnerables.<\/p>\n\n\n\n<figure class=\"wp-block-embed is-type-video is-provider-youtube wp-block-embed-youtube wp-embed-aspect-16-9 wp-has-aspect-ratio\"><div class=\"wp-block-embed__wrapper\">\n<iframe loading=\"lazy\" title=\"\ud83d\ude94 La Polic\u00eda Captura a Alias &#039;Menor&#039; y &#039;Crespo&#039; en Riofr\u00edo | Golpe al Clan del Golfo \u2696\ufe0f\" width=\"640\" height=\"360\" src=\"https:\/\/www.youtube.com\/embed\/0YkeWscOhbc?feature=oembed\" frameborder=\"0\" allow=\"accelerometer; autoplay; clipboard-write; encrypted-media; gyroscope; picture-in-picture; web-share\" referrerpolicy=\"strict-origin-when-cross-origin\" allowfullscreen><\/iframe>\n<\/div><\/figure>\n\n\n\n<p>Ambos hombres fueron detenidos en flagrancia, lo que refuerza la gravedad de sus acciones y el riesgo que representaban para la seguridad local. Tras su captura, fueron trasladados a la Fiscal\u00eda General de la Naci\u00f3n, donde <strong>enfrentan cargos por tr\u00e1fico, porte y tenencia ilegal de armas<\/strong>. Las autoridades contin\u00faan indagando sobre su participaci\u00f3n en otros delitos relacionados con el crimen organizado.<\/p>\n\n\n\n<figure class=\"wp-block-video\"><\/figure>\n","protected":false},"excerpt":{"rendered":"<p>Riofr\u00edo, Valle del Cauca \u2013 En un operativo de seguridad realizado en el municipio de Riofr\u00edo, la Polic\u00eda Nacional logr\u00f3 la captura de dos hombres identificados como alias \u2018Menor\u2019 y alias \u2018Crespo\u2019, quienes estar\u00edan vinculados con el grupo armado organizado \u2018Clan del Golfo\u2019. Los sujetos, de 21 y 23 a\u00f1os respectivamente, fueron detenidos cuando se [&hellip;]<\/p>\n","protected":false},"author":3,"featured_media":35368,"comment_status":"open","ping_status":"open","sticky":false,"template":"","format":"video","meta":{"footnotes":""},"categories":[10],"tags":[],"class_list":["post-35366","post","type-post","status-publish","format-video","has-post-thumbnail","hentry","category-cnc-noticias-tulua","post_format-post-format-video"],"_links":{"self":[{"href":"https:\/\/cnctulua.tv\/index.php?rest_route=\/wp\/v2\/posts\/35366","targetHints":{"allow":["GET"]}}],"collection":[{"href":"https:\/\/cnctulua.tv\/index.php?rest_route=\/wp\/v2\/posts"}],"about":[{"href":"https:\/\/cnctulua.tv\/index.php?rest_route=\/wp\/v2\/types\/post"}],"author":[{"embeddable":true,"href":"https:\/\/cnctulua.tv\/index.php?rest_route=\/wp\/v2\/users\/3"}],"replies":[{"embeddable":true,"href":"https:\/\/cnctulua.tv\/index.php?rest_route=%2Fwp%2Fv2%2Fcomments&post=35366"}],"version-history":[{"count":1,"href":"https:\/\/cnctulua.tv\/index.php?rest_route=\/wp\/v2\/posts\/35366\/revisions"}],"predecessor-version":[{"id":35369,"href":"https:\/\/cnctulua.tv\/index.php?rest_route=\/wp\/v2\/posts\/35366\/revisions\/35369"}],"wp:featuredmedia":[{"embeddable":true,"href":"https:\/\/cnctulua.tv\/index.php?rest_route=\/wp\/v2\/media\/35368"}],"wp:attachment":[{"href":"https:\/\/cnctulua.tv\/index.php?rest_route=%2Fwp%2Fv2%2Fmedia&parent=35366"}],"wp:term":[{"taxonomy":"category","embeddable":true,"href":"https:\/\/cnctulua.tv\/index.php?rest_route=%2Fwp%2Fv2%2Fcategories&post=35366"},{"taxonomy":"post_tag","embeddable":true,"href":"https:\/\/cnctulua.tv\/index.php?rest_route=%2Fwp%2Fv2%2Ftags&post=35366"}],"curies":[{"name":"wp","href":"https:\/\/api.w.org\/{rel}","templated":true}]}}