{"id":35370,"date":"2025-07-18T03:15:35","date_gmt":"2025-07-18T03:15:35","guid":{"rendered":"https:\/\/cnctulua.tv\/?p=35370"},"modified":"2025-07-18T03:37:31","modified_gmt":"2025-07-18T03:37:31","slug":"martina-ruiz-ospina-la-pequena-promesa-del-atletismo-tulueno-que-sorprendio-a-todos","status":"publish","type":"post","link":"https:\/\/cnctulua.tv\/?p=35370","title":{"rendered":"Martina Ruiz Ospina: La peque\u00f1a promesa del atletismo tulue\u00f1o que sorprendi\u00f3 a todos."},"content":{"rendered":"\n<p><strong>Con apenas 8 a\u00f1os, Martina Ruiz Ospina<\/strong> se ha convertido en una de las sensaciones del atletismo tulue\u00f1o, dejando en claro que el talento no tiene edad. Su historia reciente, llena de esfuerzo, determinaci\u00f3n y un toque de suerte, ha puesto en el radar a la joven atleta, quien est\u00e1 destinada a seguir haciendo ruido en las pistas.<\/p>\n\n\n\n<p>Todo comenz\u00f3 en una competencia reciente, donde Martina, quien compet\u00eda en la categor\u00eda Sub-8, se vio involucrada en un peque\u00f1o incidente que, lejos de detenerla, la impuls\u00f3 a\u00fan m\u00e1s. Durante la carrera, la peque\u00f1a atleta se dio cuenta de que hab\u00eda estado compitiendo en una categor\u00eda superior, enfrent\u00e1ndose a corredores m\u00e1s grandes y experimentados. Sin embargo, su actitud frente a la situaci\u00f3n fue de pura madurez. \u00abCreo que me equivoqu\u00e9 y particip\u00e9 en la categor\u00eda equivocada. Me dijeron que no val\u00eda, y tuve que competir en la correcta\u00bb, explic\u00f3 Martina, quien, a pesar del error, no perdi\u00f3 la concentraci\u00f3n ni las ganas de seguir luchando.<\/p>\n\n\n\n<figure class=\"wp-block-embed is-type-video is-provider-youtube wp-block-embed-youtube wp-embed-aspect-16-9 wp-has-aspect-ratio\"><div class=\"wp-block-embed__wrapper\">\n<iframe loading=\"lazy\" title=\"Martina Ruiz: La promesa del atletismo tulue\u00f1o conquista su categor\u00eda \u00a1Con solo 8 a\u00f1os! \ud83c\udfc3\u200d\u2640\ufe0f\" width=\"640\" height=\"360\" src=\"https:\/\/www.youtube.com\/embed\/4bG5an62xbM?feature=oembed\" frameborder=\"0\" allow=\"accelerometer; autoplay; clipboard-write; encrypted-media; gyroscope; picture-in-picture; web-share\" referrerpolicy=\"strict-origin-when-cross-origin\" allowfullscreen><\/iframe>\n<\/div><\/figure>\n\n\n\n<p>Tras este inesperado giro, Martina se aline\u00f3 nuevamente en la categor\u00eda que le correspond\u00eda y, con renovada energ\u00eda, empez\u00f3 a destacar con su velocidad. En la carrera, comenz\u00f3 desde atr\u00e1s, pero con cada zancada fue alcanzando a sus rivales. <strong>\u00abMi mam\u00e1 me gritaba desde el borde de la pista,<\/strong> y aunque ya estaba qued\u00e1ndome atr\u00e1s, decid\u00ed meterle m\u00e1s velocidad\u00bb, coment\u00f3 Martina con una sonrisa en su rostro. Fue en ese momento cuando su esfuerzo empez\u00f3 a dar frutos: super\u00f3 a una competidora que iba adelante, y con un pique final, se adue\u00f1\u00f3 de la victoria.<\/p>\n\n\n\n<p>La peque\u00f1a campeona se mostr\u00f3 muy feliz por el triunfo, pero tambi\u00e9n algo nerviosa, lo que es completamente comprensible para una atleta de su edad. <strong>\u00abMe daba mucho nervios, pero lo logr\u00e9.<\/strong> Estoy muy feliz\u00bb, dijo la joven corredora, quien adem\u00e1s destac\u00f3 lo que significaba representar a su ciudad, Tulu\u00e1, en una competencia de alto nivel. \u201cMe siento muy orgullosa de ganar para mi ciudad. Es un honor representar a Tulu\u00e1\u00bb, agreg\u00f3.<\/p>\n\n\n\n<p>El triunfo de Martina no solo fue una victoria personal, sino tambi\u00e9n un reflejo del trabajo que est\u00e1 haciendo con su entrenador, el profesor Ar\u00e9valo, quien ha sido una pieza clave en su formaci\u00f3n. Seg\u00fan Martina, el profesor le dio un consejo clave: <strong>\u00abMe dijo que nunca mirara atr\u00e1s, porque eso me har\u00eda cansarme m\u00e1s. Esas palabras me motivaron mucho, y por eso pude dar el \u00faltimo esfuerzo y ganar\u00bb<\/strong>, explic\u00f3 la atleta, demostrando que los consejos adecuados pueden marcar la diferencia.<\/p>\n\n\n\n<figure class=\"wp-block-image size-large\"><img loading=\"lazy\" decoding=\"async\" width=\"768\" height=\"1024\" src=\"https:\/\/cnctulua.tv\/wp-content\/uploads\/2025\/07\/IMG_9992-768x1024.jpeg\" alt=\"\" class=\"wp-image-35371\" srcset=\"https:\/\/cnctulua.tv\/wp-content\/uploads\/2025\/07\/IMG_9992-768x1024.jpeg 768w, https:\/\/cnctulua.tv\/wp-content\/uploads\/2025\/07\/IMG_9992-225x300.jpeg 225w, https:\/\/cnctulua.tv\/wp-content\/uploads\/2025\/07\/IMG_9992-1152x1536.jpeg 1152w, https:\/\/cnctulua.tv\/wp-content\/uploads\/2025\/07\/IMG_9992-1536x2048.jpeg 1536w, https:\/\/cnctulua.tv\/wp-content\/uploads\/2025\/07\/IMG_9992-scaled.jpeg 1920w\" sizes=\"auto, (max-width: 768px) 100vw, 768px\" \/><\/figure>\n\n\n\n<p>Con su victoria en la categor\u00eda Sub-8, Martina ha demostrado que, a pesar de su corta edad, tiene una mentalidad de campeona y un futuro prometedor. No solo ha puesto en alto su nombre, sino tambi\u00e9n el de la ciudad de Tulu\u00e1, que ahora tiene una nueva joya en el atletismo.<\/p>\n\n\n\n<p><strong>Pero Martina no se detiene aqu\u00ed<\/strong>. Con su mirada fija en las futuras competencias, ya se siente lista para afrontar nuevos desaf\u00edos. \u201cLo que sigue son m\u00e1s carreras. Quiero seguir entrenando y mejorando cada vez m\u00e1s\u201d, dijo, con una determinaci\u00f3n que deja claro que su pasi\u00f3n por el atletismo solo acaba de comenzar.<\/p>\n\n\n\n<p>Con entrenamientos continuos, la motivaci\u00f3n de su entrenador y, sobre todo, el apoyo de su familia, <strong>Martina Ruiz Ospina<\/strong> promete ser una de las atletas m\u00e1s destacadas de la regi\u00f3n en los pr\u00f3ximos a\u00f1os. \u00a1Atentos, porque esta peque\u00f1a corredora tiene un gran futuro por delante!<\/p>\n\n\n\n<figure class=\"wp-block-video\"><\/figure>\n\n\n\n<p><\/p>\n","protected":false},"excerpt":{"rendered":"<p>Con apenas 8 a\u00f1os, Martina Ruiz Ospina se ha convertido en una de las sensaciones del atletismo tulue\u00f1o, dejando en claro que el talento no tiene edad. Su historia reciente, llena de esfuerzo, determinaci\u00f3n y un toque de suerte, ha puesto en el radar a la joven atleta, quien est\u00e1 destinada a seguir haciendo ruido [&hellip;]<\/p>\n","protected":false},"author":3,"featured_media":35372,"comment_status":"open","ping_status":"open","sticky":false,"template":"","format":"video","meta":{"footnotes":""},"categories":[10],"tags":[],"class_list":["post-35370","post","type-post","status-publish","format-video","has-post-thumbnail","hentry","category-cnc-noticias-tulua","post_format-post-format-video"],"_links":{"self":[{"href":"https:\/\/cnctulua.tv\/index.php?rest_route=\/wp\/v2\/posts\/35370","targetHints":{"allow":["GET"]}}],"collection":[{"href":"https:\/\/cnctulua.tv\/index.php?rest_route=\/wp\/v2\/posts"}],"about":[{"href":"https:\/\/cnctulua.tv\/index.php?rest_route=\/wp\/v2\/types\/post"}],"author":[{"embeddable":true,"href":"https:\/\/cnctulua.tv\/index.php?rest_route=\/wp\/v2\/users\/3"}],"replies":[{"embeddable":true,"href":"https:\/\/cnctulua.tv\/index.php?rest_route=%2Fwp%2Fv2%2Fcomments&post=35370"}],"version-history":[{"count":4,"href":"https:\/\/cnctulua.tv\/index.php?rest_route=\/wp\/v2\/posts\/35370\/revisions"}],"predecessor-version":[{"id":35376,"href":"https:\/\/cnctulua.tv\/index.php?rest_route=\/wp\/v2\/posts\/35370\/revisions\/35376"}],"wp:featuredmedia":[{"embeddable":true,"href":"https:\/\/cnctulua.tv\/index.php?rest_route=\/wp\/v2\/media\/35372"}],"wp:attachment":[{"href":"https:\/\/cnctulua.tv\/index.php?rest_route=%2Fwp%2Fv2%2Fmedia&parent=35370"}],"wp:term":[{"taxonomy":"category","embeddable":true,"href":"https:\/\/cnctulua.tv\/index.php?rest_route=%2Fwp%2Fv2%2Fcategories&post=35370"},{"taxonomy":"post_tag","embeddable":true,"href":"https:\/\/cnctulua.tv\/index.php?rest_route=%2Fwp%2Fv2%2Ftags&post=35370"}],"curies":[{"name":"wp","href":"https:\/\/api.w.org\/{rel}","templated":true}]}}