{"id":35380,"date":"2025-07-21T18:37:40","date_gmt":"2025-07-21T18:37:40","guid":{"rendered":"https:\/\/cnctulua.tv\/?p=35380"},"modified":"2025-07-21T18:37:40","modified_gmt":"2025-07-21T18:37:40","slug":"capturados-alias-eider-y-gregorio-operativo-contra-la-red-terrorista-jaime-martinez-deja-11-capturas-por-atentados-en-cali-y-jamundi","status":"publish","type":"post","link":"https:\/\/cnctulua.tv\/?p=35380","title":{"rendered":"Capturados alias &#8216;Eider&#8217; y &#8216;Gregorio&#8217;: Operativo contra la red terrorista \u2018Jaime Mart\u00ednez\u2019 deja 11 capturas por atentados en Cali y Jamund\u00ed"},"content":{"rendered":"\n<p>Las capturas fueron resultado de un trabajo articulado y de inteligencia entre la Polic\u00eda Nacional, el Ej\u00e9rcito, la Fiscal\u00eda General de la Naci\u00f3n y el Bloque de B\u00fasqueda, unidad creada para desarticular redes terroristas en la regi\u00f3n.<\/p>\n\n\n\n<figure class=\"wp-block-embed is-type-video is-provider-youtube wp-block-embed-youtube wp-embed-aspect-16-9 wp-has-aspect-ratio\"><div class=\"wp-block-embed__wrapper\">\n<iframe loading=\"lazy\" title=\"\u26a0\ufe0f Alias \u2018Eider\u2019 y \u2018Gregorio\u2019 capturados: Un golpe certero al terrorismo en Cali\" width=\"640\" height=\"360\" src=\"https:\/\/www.youtube.com\/embed\/E2GatEmFGRs?feature=oembed\" frameborder=\"0\" allow=\"accelerometer; autoplay; clipboard-write; encrypted-media; gyroscope; picture-in-picture; web-share\" referrerpolicy=\"strict-origin-when-cross-origin\" allowfullscreen><\/iframe>\n<\/div><\/figure>\n\n\n\n<p>La acci\u00f3n policial se llev\u00f3 a cabo en el sector de Bochalema, Laureano G\u00f3mez y El Vallado, en tres diligencias de allanamientos realizadas en horas de la madrugada. En estos operativos fueron arrestados los dos sujetos, quienes se presume son responsables de haber facilitado la motocicleta utilizada en el atentado de la estaci\u00f3n de Mel\u00e9ndez, un acto terrorista en el que una persona perdi\u00f3 la vida y otras resultaron heridas. Seg\u00fan la investigaci\u00f3n, alias \u2018Eider\u2019 y \u2018Gregorio\u2019 habr\u00edan sido los encargados de acondicionar la motocicleta con explosivos y activar el artefacto a trav\u00e9s de un dispositivo remoto.<\/p>\n\n\n\n<p>El Brigadier General Carlos Oviedo, comandante de la Polic\u00eda en Cali, destac\u00f3 la efectividad de la operaci\u00f3n: \u201cEsta captura es una acci\u00f3n contundente del Bloque de B\u00fasqueda contra el multicrimen, en colaboraci\u00f3n con la Fiscal\u00eda y otras autoridades. Hemos logrado neutralizar a dos de los responsables de un atentado que caus\u00f3 p\u00e1nico en la ciudad y cobr\u00f3 la vida de un civil. Estos resultados son muestra de la estrategia conjunta para enfrentar el terrorismo y el crimen organizado en nuestra regi\u00f3n\u201d.<\/p>\n\n\n\n<p>Alias \u2018Eider\u2019 y \u2018Gregorio\u2019 fueron identificados como miembros activos de las redes de apoyo urbano del Frente \u2018Jaime Mart\u00ednez\u2019, uno de los grupos armados ilegales m\u00e1s activos en el Valle del Cauca. \u2018Eider\u2019, cuyo verdadero nombre no fue revelado por razones judiciales, tiene antecedentes por varios delitos relacionados con narcotr\u00e1fico y terrorismo. \u2018Gregorio\u2019, por su parte, ha sido se\u00f1alado en m\u00faltiples ocasiones por su vinculaci\u00f3n con ataques a la infraestructura p\u00fablica y acciones violentas contra civiles. Ambos forman parte de una estructura que opera desde las zonas rurales de Cali y Jamund\u00ed, facilitando acciones terroristas en \u00e1reas urbanas.<\/p>\n\n\n\n<p>La Gobernadora del Valle del Cauca, Dilian Francisca Toro, celebr\u00f3 los resultados de los operativos, destacando la importancia de la cooperaci\u00f3n entre las fuerzas de seguridad: \u00abGracias al trabajo conjunto entre el Ej\u00e9rcito, la Polic\u00eda, la Fiscal\u00eda y la Gobernaci\u00f3n, hemos logrado importantes avances en la lucha contra el terrorismo. La captura de alias \u2018Eider\u2019 y \u2018Gregorio\u2019 es una pieza clave en la desarticulaci\u00f3n de esta red criminal, que actu\u00f3 con total indiferencia por la vida de los ciudadanos\u00bb, indic\u00f3.<\/p>\n\n\n\n<figure class=\"wp-block-image size-large\"><img loading=\"lazy\" decoding=\"async\" width=\"1024\" height=\"576\" src=\"https:\/\/cnctulua.tv\/wp-content\/uploads\/2025\/07\/vMix-Capture-21-julio-2025-13-35-08-1024x576.png\" alt=\"\" class=\"wp-image-35381\" srcset=\"https:\/\/cnctulua.tv\/wp-content\/uploads\/2025\/07\/vMix-Capture-21-julio-2025-13-35-08-1024x576.png 1024w, https:\/\/cnctulua.tv\/wp-content\/uploads\/2025\/07\/vMix-Capture-21-julio-2025-13-35-08-300x169.png 300w, https:\/\/cnctulua.tv\/wp-content\/uploads\/2025\/07\/vMix-Capture-21-julio-2025-13-35-08-768x432.png 768w, https:\/\/cnctulua.tv\/wp-content\/uploads\/2025\/07\/vMix-Capture-21-julio-2025-13-35-08-1536x864.png 1536w, https:\/\/cnctulua.tv\/wp-content\/uploads\/2025\/07\/vMix-Capture-21-julio-2025-13-35-08.png 1920w\" sizes=\"auto, (max-width: 1024px) 100vw, 1024px\" \/><\/figure>\n\n\n\n<p>Adem\u00e1s, Toro enfatiz\u00f3 que el objetivo es continuar con la presi\u00f3n a las estructuras criminales que operan en el departamento. \u201cVamos a seguir fortaleciendo el Bloque de B\u00fasqueda, para que no solo Cali, sino todo el Valle del Cauca est\u00e9 libre de esta amenaza. La desarticulaci\u00f3n de grupos como el \u2018Jaime Mart\u00ednez\u2019 es una prioridad\u201d, a\u00f1adi\u00f3 la gobernadora.<\/p>\n\n\n\n<p><br>Alias \u2018Eider\u2019 y \u2018Gregorio\u2019 hacen parte de una estructura que, seg\u00fan fuentes de inteligencia, opera desde el norte del Valle del Cauca. La columna \u2018Ricardo Vel\u00e1squez\u2019, del Frente \u2018Jaime Mart\u00ednez\u2019, se ha dedicado a realizar atentados con explosivos, extorsionar a empresarios y colaborar con grupos narcotraficantes. En los \u00faltimos a\u00f1os, este grupo ha intensificado sus ataques en zonas urbanas, utilizando el terror como una estrategia para presionar a las autoridades y mantener su control sobre el narcotr\u00e1fico y otras actividades il\u00edcitas.<\/p>\n\n\n\n<p>En cuanto a los capturados, ambos individuos enfrentan cargos por terrorismo, homicidio, tenencia de explosivos y concierto para delinquir. Las autoridades est\u00e1n a la espera de su presentaci\u00f3n ante un juez de control de garant\u00edas, donde se determinar\u00e1n las medidas de aseguramiento correspondientes.<\/p>\n\n\n\n<p>Este nuevo golpe a la estructura del Frente \u2018Jaime Mart\u00ednez\u2019 marca un avance importante en la lucha contra el crimen organizado en la regi\u00f3n, pero las autoridades aseguran que a\u00fan queda mucho trabajo por hacer para eliminar por completo la presencia de estos grupos terroristas.<\/p>\n\n\n\n<figure class=\"wp-block-video\"><\/figure>\n","protected":false},"excerpt":{"rendered":"<p>Las capturas fueron resultado de un trabajo articulado y de inteligencia entre la Polic\u00eda Nacional, el Ej\u00e9rcito, la Fiscal\u00eda General de la Naci\u00f3n y el Bloque de B\u00fasqueda, unidad creada para desarticular redes terroristas en la regi\u00f3n. La acci\u00f3n policial se llev\u00f3 a cabo en el sector de Bochalema, Laureano G\u00f3mez y El Vallado, en [&hellip;]<\/p>\n","protected":false},"author":3,"featured_media":35382,"comment_status":"open","ping_status":"open","sticky":false,"template":"","format":"video","meta":{"footnotes":""},"categories":[10],"tags":[],"class_list":["post-35380","post","type-post","status-publish","format-video","has-post-thumbnail","hentry","category-cnc-noticias-tulua","post_format-post-format-video"],"_links":{"self":[{"href":"https:\/\/cnctulua.tv\/index.php?rest_route=\/wp\/v2\/posts\/35380","targetHints":{"allow":["GET"]}}],"collection":[{"href":"https:\/\/cnctulua.tv\/index.php?rest_route=\/wp\/v2\/posts"}],"about":[{"href":"https:\/\/cnctulua.tv\/index.php?rest_route=\/wp\/v2\/types\/post"}],"author":[{"embeddable":true,"href":"https:\/\/cnctulua.tv\/index.php?rest_route=\/wp\/v2\/users\/3"}],"replies":[{"embeddable":true,"href":"https:\/\/cnctulua.tv\/index.php?rest_route=%2Fwp%2Fv2%2Fcomments&post=35380"}],"version-history":[{"count":1,"href":"https:\/\/cnctulua.tv\/index.php?rest_route=\/wp\/v2\/posts\/35380\/revisions"}],"predecessor-version":[{"id":35383,"href":"https:\/\/cnctulua.tv\/index.php?rest_route=\/wp\/v2\/posts\/35380\/revisions\/35383"}],"wp:featuredmedia":[{"embeddable":true,"href":"https:\/\/cnctulua.tv\/index.php?rest_route=\/wp\/v2\/media\/35382"}],"wp:attachment":[{"href":"https:\/\/cnctulua.tv\/index.php?rest_route=%2Fwp%2Fv2%2Fmedia&parent=35380"}],"wp:term":[{"taxonomy":"category","embeddable":true,"href":"https:\/\/cnctulua.tv\/index.php?rest_route=%2Fwp%2Fv2%2Fcategories&post=35380"},{"taxonomy":"post_tag","embeddable":true,"href":"https:\/\/cnctulua.tv\/index.php?rest_route=%2Fwp%2Fv2%2Ftags&post=35380"}],"curies":[{"name":"wp","href":"https:\/\/api.w.org\/{rel}","templated":true}]}}