{"id":35385,"date":"2025-07-24T02:24:55","date_gmt":"2025-07-24T02:24:55","guid":{"rendered":"https:\/\/cnctulua.tv\/?p=35385"},"modified":"2025-07-24T02:24:55","modified_gmt":"2025-07-24T02:24:55","slug":"el-colmo-desmontan-bano-improvisado-en-parque-del-barrio-las-veraneras-en-tulua","status":"publish","type":"post","link":"https:\/\/cnctulua.tv\/?p=35385","title":{"rendered":"\u00abEL COLMO\u00bb:  desmontan ba\u00f1o improvisado en parque del barrio Las Veraneras, en Tulu\u00e1."},"content":{"rendered":"\n<p>Un ba\u00f1o improvisado instalado en pleno <strong>parque del barrio Las Veraneras<\/strong> fue desmantelado por la Secretar\u00eda de Gobierno de Tulu\u00e1, luego de que una denuncia ciudadana alertara sobre el uso indebido del espacio p\u00fablico. La estructura artesanal, fabricada con latas, madera y un recipiente pl\u00e1stico adaptado como orinal, fue encontrada al pie de un \u00e1rbol en una zona verde del parque, a la vista de transe\u00fantes y familias.<\/p>\n\n\n\n<figure class=\"wp-block-embed is-type-video is-provider-youtube wp-block-embed-youtube wp-embed-aspect-16-9 wp-has-aspect-ratio\"><div class=\"wp-block-embed__wrapper\">\n<iframe loading=\"lazy\" title=\"\ud83d\uded1 Desmontan ba\u00f1o casero instalado en parque de Las Veraneras, Tulu\u00e1\" width=\"640\" height=\"360\" src=\"https:\/\/www.youtube.com\/embed\/aEFN0DrsVnw?feature=oembed\" frameborder=\"0\" allow=\"accelerometer; autoplay; clipboard-write; encrypted-media; gyroscope; picture-in-picture; web-share\" referrerpolicy=\"strict-origin-when-cross-origin\" allowfullscreen><\/iframe>\n<\/div><\/figure>\n\n\n\n<p><strong>\u201cRecibimos una queja formal a trav\u00e9s de nuestros canales de atenci\u00f3n y nos desplazamos al sitio con el equipo de convivencia y seguridad.<\/strong> All\u00ed encontramos una estructura irregular, que claramente no corresponde al uso que debe tener un parque p\u00fablico\u201d, explic\u00f3 el secretario de Gobierno, Jos\u00e9 Mart\u00edn Hincapi\u00e9 \u00c1lvarez.<\/p>\n\n\n\n<p>La instalaci\u00f3n <strong>simulaba un sanitario<\/strong>: un porr\u00f3n de agua modificado con una manguera que desembocaba en una tuber\u00eda perforada. Durante la inspecci\u00f3n, una persona fue sorprendida usando el lugar para hacer sus necesidades fisiol\u00f3gicas. Para las autoridades, m\u00e1s all\u00e1 del hecho en s\u00ed, preocupa el precedente que esto representa.<\/p>\n\n\n\n<p><strong>\u201cLo m\u00e1s grave es que este tipo de actos<\/strong> deterioran la convivencia y afectan directamente a la comunidad. Los ni\u00f1os, las mujeres, los j\u00f3venes y las familias que usan el parque no tienen por qu\u00e9 convivir con estas escenas. No podemos normalizar esto\u201d, afirm\u00f3 Hincapi\u00e9.<\/p>\n\n\n\n<p>Adem\u00e1s del impacto visual y sanitario, <strong>la estructura afectaba la zona verde y un \u00e1rbol<\/strong> ubicado en el sitio. Seg\u00fan la versi\u00f3n de algunos vecinos, la instalaci\u00f3n llevaba varios d\u00edas funcionando y al parecer era utilizada por personas ajenas al barrio, posiblemente vinculadas a un establecimiento cercano.<\/p>\n\n\n\n<p>\u201c<strong>La comunidad expres\u00f3 su molestia.<\/strong> Esta no es una conducta aislada: ya hemos intervenido otro punto similar en la carrera 1 con calle 25, donde tambi\u00e9n se hab\u00eda instalado un orinal en el and\u00e9n. Por eso, hacemos un llamado claro: los parques son para la familia, no para usos indebidos que atentan contra lo p\u00fablico\u201d, reiter\u00f3 el funcionario.<\/p>\n\n\n\n<p>El secretario tambi\u00e9n record\u00f3 a la ciudadan\u00eda que puede denunciar este tipo de situaciones a trav\u00e9s del correo <strong>gobierno@tulua.gov.com<\/strong>, donde se reciben peticiones, quejas o reclamos, sean an\u00f3nimos o identificados, y son atendidos por un equipo que recorre la ciudad de forma permanente.<\/p>\n\n\n\n<figure class=\"wp-block-image size-large\"><img loading=\"lazy\" decoding=\"async\" width=\"1024\" height=\"576\" src=\"https:\/\/cnctulua.tv\/wp-content\/uploads\/2025\/07\/vMix-Capture-23-julio-2025-21-22-42-1024x576.png\" alt=\"\" class=\"wp-image-35386\" srcset=\"https:\/\/cnctulua.tv\/wp-content\/uploads\/2025\/07\/vMix-Capture-23-julio-2025-21-22-42-1024x576.png 1024w, https:\/\/cnctulua.tv\/wp-content\/uploads\/2025\/07\/vMix-Capture-23-julio-2025-21-22-42-300x169.png 300w, https:\/\/cnctulua.tv\/wp-content\/uploads\/2025\/07\/vMix-Capture-23-julio-2025-21-22-42-768x432.png 768w, https:\/\/cnctulua.tv\/wp-content\/uploads\/2025\/07\/vMix-Capture-23-julio-2025-21-22-42-1536x864.png 1536w, https:\/\/cnctulua.tv\/wp-content\/uploads\/2025\/07\/vMix-Capture-23-julio-2025-21-22-42.png 1920w\" sizes=\"auto, (max-width: 1024px) 100vw, 1024px\" \/><\/figure>\n\n\n\n<p>\u201cAqu\u00ed lo importante es que la comunidad no se quede callada. <strong>Yo no me dejo intimidar, yo defiendo mi barrio,<\/strong> defiendo el parque y lo pongo en conocimiento de las autoridades. As\u00ed es como se construye ciudad\u201d, puntualiz\u00f3.<\/p>\n\n\n\n<p>Las autoridades reiteraron que <strong>se mantendr\u00e1 la vigilancia<\/strong> en espacios p\u00fablicos del municipio, con acciones pedag\u00f3gicas y correctivas para proteger entornos de convivencia que deben ser seguros y dignos para todos.<\/p>\n\n\n\n<figure class=\"wp-block-video\"><\/figure>\n","protected":false},"excerpt":{"rendered":"<p>Un ba\u00f1o improvisado instalado en pleno parque del barrio Las Veraneras fue desmantelado por la Secretar\u00eda de Gobierno de Tulu\u00e1, luego de que una denuncia ciudadana alertara sobre el uso indebido del espacio p\u00fablico. La estructura artesanal, fabricada con latas, madera y un recipiente pl\u00e1stico adaptado como orinal, fue encontrada al pie de un \u00e1rbol [&hellip;]<\/p>\n","protected":false},"author":3,"featured_media":35387,"comment_status":"open","ping_status":"open","sticky":false,"template":"","format":"video","meta":{"footnotes":""},"categories":[10],"tags":[],"class_list":["post-35385","post","type-post","status-publish","format-video","has-post-thumbnail","hentry","category-cnc-noticias-tulua","post_format-post-format-video"],"_links":{"self":[{"href":"https:\/\/cnctulua.tv\/index.php?rest_route=\/wp\/v2\/posts\/35385","targetHints":{"allow":["GET"]}}],"collection":[{"href":"https:\/\/cnctulua.tv\/index.php?rest_route=\/wp\/v2\/posts"}],"about":[{"href":"https:\/\/cnctulua.tv\/index.php?rest_route=\/wp\/v2\/types\/post"}],"author":[{"embeddable":true,"href":"https:\/\/cnctulua.tv\/index.php?rest_route=\/wp\/v2\/users\/3"}],"replies":[{"embeddable":true,"href":"https:\/\/cnctulua.tv\/index.php?rest_route=%2Fwp%2Fv2%2Fcomments&post=35385"}],"version-history":[{"count":1,"href":"https:\/\/cnctulua.tv\/index.php?rest_route=\/wp\/v2\/posts\/35385\/revisions"}],"predecessor-version":[{"id":35388,"href":"https:\/\/cnctulua.tv\/index.php?rest_route=\/wp\/v2\/posts\/35385\/revisions\/35388"}],"wp:featuredmedia":[{"embeddable":true,"href":"https:\/\/cnctulua.tv\/index.php?rest_route=\/wp\/v2\/media\/35387"}],"wp:attachment":[{"href":"https:\/\/cnctulua.tv\/index.php?rest_route=%2Fwp%2Fv2%2Fmedia&parent=35385"}],"wp:term":[{"taxonomy":"category","embeddable":true,"href":"https:\/\/cnctulua.tv\/index.php?rest_route=%2Fwp%2Fv2%2Fcategories&post=35385"},{"taxonomy":"post_tag","embeddable":true,"href":"https:\/\/cnctulua.tv\/index.php?rest_route=%2Fwp%2Fv2%2Ftags&post=35385"}],"curies":[{"name":"wp","href":"https:\/\/api.w.org\/{rel}","templated":true}]}}