{"id":35389,"date":"2025-07-24T02:34:02","date_gmt":"2025-07-24T02:34:02","guid":{"rendered":"https:\/\/cnctulua.tv\/?p=35389"},"modified":"2025-07-24T02:34:02","modified_gmt":"2025-07-24T02:34:02","slug":"tulua-alista-sus-spikes-para-los-juegos-departamentales-con-el-atletismo-como-carta-fuerte","status":"publish","type":"post","link":"https:\/\/cnctulua.tv\/?p=35389","title":{"rendered":"Tulu\u00e1 alista sus spikes para los Juegos Departamentales con el atletismo como carta fuerte."},"content":{"rendered":"\n<p>Con el cron\u00f3metro en marcha y el coraz\u00f3n puesto en la meta, el equipo de atletismo de Tulu\u00e1 se alista para competir en los Juegos Departamentales del Valle del Cauca. Bajo la direcci\u00f3n del entrenador Luis Eduardo Ar\u00e9valo, los atletas afinan los \u00faltimos detalles en busca de subir al podio y dejar en alto el nombre del municipio.<\/p>\n\n\n\n<p>Pese a los obst\u00e1culos enfrentados en el proceso preparatorio, como la falta de apoyo t\u00e9cnico y la ausencia de acompa\u00f1amiento m\u00e9dico y psicol\u00f3gico, el grupo se ha mantenido firme, apost\u00e1ndole a un entrenamiento consciente y a la disciplina como bandera. \u201cQueremos medallas doradas, que son las que nos gustan y las que a Dios le agradan\u201d, expres\u00f3 Ar\u00e9valo, confiando en el trabajo realizado y el talento de sus pupilos.<\/p>\n\n\n\n<figure class=\"wp-block-image size-large\"><img loading=\"lazy\" decoding=\"async\" width=\"1024\" height=\"576\" src=\"https:\/\/cnctulua.tv\/wp-content\/uploads\/2025\/07\/vMix-Capture-23-julio-2025-21-30-50-1024x576.png\" alt=\"\" class=\"wp-image-35390\" srcset=\"https:\/\/cnctulua.tv\/wp-content\/uploads\/2025\/07\/vMix-Capture-23-julio-2025-21-30-50-1024x576.png 1024w, https:\/\/cnctulua.tv\/wp-content\/uploads\/2025\/07\/vMix-Capture-23-julio-2025-21-30-50-300x169.png 300w, https:\/\/cnctulua.tv\/wp-content\/uploads\/2025\/07\/vMix-Capture-23-julio-2025-21-30-50-768x432.png 768w, https:\/\/cnctulua.tv\/wp-content\/uploads\/2025\/07\/vMix-Capture-23-julio-2025-21-30-50-1536x864.png 1536w, https:\/\/cnctulua.tv\/wp-content\/uploads\/2025\/07\/vMix-Capture-23-julio-2025-21-30-50.png 1920w\" sizes=\"auto, (max-width: 1024px) 100vw, 1024px\" \/><\/figure>\n\n\n\n<p>Tulu\u00e1 enfrentar\u00e1 a potencias del atletismo regional como Cali, Palmira y Buenaventura, pero el equipo conf\u00eda en la garra y el temple que caracteriza a sus atletas. Muchos de los competidores disputar\u00e1n sus \u00faltimos juegos como representantes del municipio, pues han sido acogidos por otras ciudades donde seguir\u00e1n su carrera deportiva. Este panorama abre paso a una nueva etapa, con la mirada puesta en el relevo generacional.<\/p>\n\n\n\n<p>El llamado del entrenador va m\u00e1s all\u00e1 de la pista: invita a la comunidad y a las autoridades locales a respaldar a estos j\u00f3venes que, con esfuerzo y pasi\u00f3n, representan a Tulu\u00e1 en escenarios de alto rendimiento. \u201cLa motivaci\u00f3n nace de sabernos acompa\u00f1ados\u201d, concluy\u00f3 Ar\u00e9valo, dejando claro que el atletismo local sigue firme en la carrera por la excelencia.<\/p>\n\n\n\n<figure class=\"wp-block-embed is-type-video is-provider-youtube wp-block-embed-youtube wp-embed-aspect-16-9 wp-has-aspect-ratio\"><div class=\"wp-block-embed__wrapper\">\n<iframe loading=\"lazy\" title=\"Tulu\u00e1 en la pista: el atletismo busca medallas \ud83c\udfc3\u200d\u2640\ufe0f\ud83e\udd47 | Juegos Departamentales 2025\" width=\"640\" height=\"360\" src=\"https:\/\/www.youtube.com\/embed\/s58oo4dI3hc?feature=oembed\" frameborder=\"0\" allow=\"accelerometer; autoplay; clipboard-write; encrypted-media; gyroscope; picture-in-picture; web-share\" referrerpolicy=\"strict-origin-when-cross-origin\" allowfullscreen><\/iframe>\n<\/div><\/figure>\n\n\n\n<figure class=\"wp-block-video\"><\/figure>\n","protected":false},"excerpt":{"rendered":"<p>Con el cron\u00f3metro en marcha y el coraz\u00f3n puesto en la meta, el equipo de atletismo de Tulu\u00e1 se alista para competir en los Juegos Departamentales del Valle del Cauca. Bajo la direcci\u00f3n del entrenador Luis Eduardo Ar\u00e9valo, los atletas afinan los \u00faltimos detalles en busca de subir al podio y dejar en alto el [&hellip;]<\/p>\n","protected":false},"author":3,"featured_media":35391,"comment_status":"open","ping_status":"open","sticky":false,"template":"","format":"video","meta":{"footnotes":""},"categories":[10],"tags":[1584,1585],"class_list":["post-35389","post","type-post","status-publish","format-video","has-post-thumbnail","hentry","category-cnc-noticias-tulua","tag-atletismotulueno","tag-profearevalo","post_format-post-format-video"],"_links":{"self":[{"href":"https:\/\/cnctulua.tv\/index.php?rest_route=\/wp\/v2\/posts\/35389","targetHints":{"allow":["GET"]}}],"collection":[{"href":"https:\/\/cnctulua.tv\/index.php?rest_route=\/wp\/v2\/posts"}],"about":[{"href":"https:\/\/cnctulua.tv\/index.php?rest_route=\/wp\/v2\/types\/post"}],"author":[{"embeddable":true,"href":"https:\/\/cnctulua.tv\/index.php?rest_route=\/wp\/v2\/users\/3"}],"replies":[{"embeddable":true,"href":"https:\/\/cnctulua.tv\/index.php?rest_route=%2Fwp%2Fv2%2Fcomments&post=35389"}],"version-history":[{"count":1,"href":"https:\/\/cnctulua.tv\/index.php?rest_route=\/wp\/v2\/posts\/35389\/revisions"}],"predecessor-version":[{"id":35392,"href":"https:\/\/cnctulua.tv\/index.php?rest_route=\/wp\/v2\/posts\/35389\/revisions\/35392"}],"wp:featuredmedia":[{"embeddable":true,"href":"https:\/\/cnctulua.tv\/index.php?rest_route=\/wp\/v2\/media\/35391"}],"wp:attachment":[{"href":"https:\/\/cnctulua.tv\/index.php?rest_route=%2Fwp%2Fv2%2Fmedia&parent=35389"}],"wp:term":[{"taxonomy":"category","embeddable":true,"href":"https:\/\/cnctulua.tv\/index.php?rest_route=%2Fwp%2Fv2%2Fcategories&post=35389"},{"taxonomy":"post_tag","embeddable":true,"href":"https:\/\/cnctulua.tv\/index.php?rest_route=%2Fwp%2Fv2%2Ftags&post=35389"}],"curies":[{"name":"wp","href":"https:\/\/api.w.org\/{rel}","templated":true}]}}