{"id":35420,"date":"2025-07-25T17:49:18","date_gmt":"2025-07-25T17:49:18","guid":{"rendered":"https:\/\/cnctulua.tv\/?p=35420"},"modified":"2025-07-25T17:49:18","modified_gmt":"2025-07-25T17:49:18","slug":"andalucia-calienta-pista-11-atletas-listos-para-dejarlo-todo-en-los-juegos-deportivos","status":"publish","type":"post","link":"https:\/\/cnctulua.tv\/?p=35420","title":{"rendered":"Andaluc\u00eda calienta pista: 11 atletas listos para dejarlo todo en los Juegos Deportivos."},"content":{"rendered":"\n<p>Con el esp\u00edritu competitivo a tope y la preparaci\u00f3n afinada desde hace meses, la delegaci\u00f3n atl\u00e9tica del municipio de Andaluc\u00eda ya est\u00e1 en competencia y se alista para representar con orgullo a su tierra en las justas deportivas que se desarrollan en Cali.<\/p>\n\n\n\n<figure class=\"wp-block-embed is-type-video is-provider-youtube wp-block-embed-youtube wp-embed-aspect-16-9 wp-has-aspect-ratio\"><div class=\"wp-block-embed__wrapper\">\n<iframe loading=\"lazy\" title=\"\ud83c\udfc3 Atletas de Andaluc\u00eda a la conquista de las pistas: pasi\u00f3n y disciplina en movimiento.\" width=\"640\" height=\"360\" src=\"https:\/\/www.youtube.com\/embed\/tJ4Wv5hqE-U?feature=oembed\" frameborder=\"0\" allow=\"accelerometer; autoplay; clipboard-write; encrypted-media; gyroscope; picture-in-picture; web-share\" referrerpolicy=\"strict-origin-when-cross-origin\" allowfullscreen><\/iframe>\n<\/div><\/figure>\n\n\n\n<p>Bajo la direcci\u00f3n t\u00e9cnica del monitor Diego Mauricio S\u00e1nchez, once deportistas en las categor\u00edas prejuvenil y juvenil integran la n\u00f3mina que defender\u00e1 los colores del municipio en pruebas de semifondo, fondo y pentatl\u00f3n. Las distancias de 800 y 1500 metros, as\u00ed como la exigente prueba m\u00faltiple, ser\u00e1n el escenario donde estos talentos buscar\u00e1n abrirse paso hacia el podio.<\/p>\n\n\n\n<figure class=\"wp-block-gallery has-nested-images columns-default is-cropped wp-block-gallery-1 is-layout-flex wp-block-gallery-is-layout-flex\">\n<figure class=\"wp-block-image size-large\"><img loading=\"lazy\" decoding=\"async\" width=\"1024\" height=\"576\" data-id=\"35467\" src=\"https:\/\/cnctulua.tv\/wp-content\/uploads\/2025\/07\/ATLETISMO-DE-ANDALUCIA-1024x576.png\" alt=\"\" class=\"wp-image-35467\" srcset=\"https:\/\/cnctulua.tv\/wp-content\/uploads\/2025\/07\/ATLETISMO-DE-ANDALUCIA-1024x576.png 1024w, https:\/\/cnctulua.tv\/wp-content\/uploads\/2025\/07\/ATLETISMO-DE-ANDALUCIA-300x169.png 300w, https:\/\/cnctulua.tv\/wp-content\/uploads\/2025\/07\/ATLETISMO-DE-ANDALUCIA-768x432.png 768w, https:\/\/cnctulua.tv\/wp-content\/uploads\/2025\/07\/ATLETISMO-DE-ANDALUCIA-1536x864.png 1536w, https:\/\/cnctulua.tv\/wp-content\/uploads\/2025\/07\/ATLETISMO-DE-ANDALUCIA.png 1920w\" sizes=\"auto, (max-width: 1024px) 100vw, 1024px\" \/><\/figure>\n<\/figure>\n\n\n\n<p>\u201cEs un grupo comprometido, que viene entrenando desde el a\u00f1o pasado con disciplina y mucha motivaci\u00f3n. El objetivo es claro: dejarlo todo en la pista y buscar ubicaciones destacadas\u201d, manifest\u00f3 el entrenador, quien ha liderado el proceso con una mirada t\u00e9cnica y formativa.<\/p>\n\n\n\n<p>El equipo andaluz se desplazar\u00e1 a Cali para afrontar la pr\u00f3xima fase del certamen, con la mente puesta en la competencia y el coraz\u00f3n en su gente. Desde su municipio, el respaldo no se hace esperar, y se espera que el acompa\u00f1amiento simb\u00f3lico de la comunidad impulse a\u00fan m\u00e1s a los atletas en cada zancada.<\/p>\n\n\n\n<p>Los representantes de Andaluc\u00eda no solo llevan camisetas y n\u00fameros en el pecho, tambi\u00e9n cargan consigo el sue\u00f1o de un pueblo que vibra con el deporte y cree en el talento joven como motor de transformaci\u00f3n social.<\/p>\n","protected":false},"excerpt":{"rendered":"<p>Con el esp\u00edritu competitivo a tope y la preparaci\u00f3n afinada desde hace meses, la delegaci\u00f3n atl\u00e9tica del municipio de Andaluc\u00eda ya est\u00e1 en competencia y se alista para representar con orgullo a su tierra en las justas deportivas que se desarrollan en Cali. Bajo la direcci\u00f3n t\u00e9cnica del monitor Diego Mauricio S\u00e1nchez, once deportistas en [&hellip;]<\/p>\n","protected":false},"author":3,"featured_media":35466,"comment_status":"open","ping_status":"open","sticky":false,"template":"","format":"video","meta":{"footnotes":""},"categories":[10,1],"tags":[],"class_list":["post-35420","post","type-post","status-publish","format-video","has-post-thumbnail","hentry","category-cnc-noticias-tulua","category-uncategorized","post_format-post-format-video"],"_links":{"self":[{"href":"https:\/\/cnctulua.tv\/index.php?rest_route=\/wp\/v2\/posts\/35420","targetHints":{"allow":["GET"]}}],"collection":[{"href":"https:\/\/cnctulua.tv\/index.php?rest_route=\/wp\/v2\/posts"}],"about":[{"href":"https:\/\/cnctulua.tv\/index.php?rest_route=\/wp\/v2\/types\/post"}],"author":[{"embeddable":true,"href":"https:\/\/cnctulua.tv\/index.php?rest_route=\/wp\/v2\/users\/3"}],"replies":[{"embeddable":true,"href":"https:\/\/cnctulua.tv\/index.php?rest_route=%2Fwp%2Fv2%2Fcomments&post=35420"}],"version-history":[{"count":1,"href":"https:\/\/cnctulua.tv\/index.php?rest_route=\/wp\/v2\/posts\/35420\/revisions"}],"predecessor-version":[{"id":35468,"href":"https:\/\/cnctulua.tv\/index.php?rest_route=\/wp\/v2\/posts\/35420\/revisions\/35468"}],"wp:featuredmedia":[{"embeddable":true,"href":"https:\/\/cnctulua.tv\/index.php?rest_route=\/wp\/v2\/media\/35466"}],"wp:attachment":[{"href":"https:\/\/cnctulua.tv\/index.php?rest_route=%2Fwp%2Fv2%2Fmedia&parent=35420"}],"wp:term":[{"taxonomy":"category","embeddable":true,"href":"https:\/\/cnctulua.tv\/index.php?rest_route=%2Fwp%2Fv2%2Fcategories&post=35420"},{"taxonomy":"post_tag","embeddable":true,"href":"https:\/\/cnctulua.tv\/index.php?rest_route=%2Fwp%2Fv2%2Ftags&post=35420"}],"curies":[{"name":"wp","href":"https:\/\/api.w.org\/{rel}","templated":true}]}}